{"id":4638,"date":"2017-02-18T22:39:13","date_gmt":"2017-02-18T20:39:13","guid":{"rendered":"http:\/\/poeticas.es\/?p=4638"},"modified":"2026-03-06T20:08:27","modified_gmt":"2026-03-06T18:08:27","slug":"guillen-de-castro","status":"publish","type":"post","link":"https:\/\/poeticas.es\/?p=4638","title":{"rendered":"Guill\u00e9n de Castro"},"content":{"rendered":"<p style=\"text-align: justify;\"><img loading=\"lazy\" decoding=\"async\" class=\"alignnone size-full wp-image-6210\" src=\"https:\/\/poeticas.es\/wp-content\/uploads\/2017\/02\/guillen-de-castro.jpg\" alt=\"\" width=\"651\" height=\"206\" srcset=\"https:\/\/poeticas.es\/wp-content\/uploads\/2017\/02\/guillen-de-castro.jpg 651w, https:\/\/poeticas.es\/wp-content\/uploads\/2017\/02\/guillen-de-castro-300x95.jpg 300w\" sizes=\"auto, (max-width: 651px) 100vw, 651px\" \/><\/p>\n<p style=\"text-align: justify;\"><em>El escritor valenciano Guill\u00e9n de Castro (1569-1631) contribuy\u00f3, junto a autores como Lope de Vega y Tirso de Molina, a la creaci\u00f3n y el \u00e9xito de una novedosa f\u00f3rmula dram\u00e1tica: la comedia nueva. En algunas de sus obras, se pueden espigar declaraciones metapo\u00e9ticas.<\/em><\/p>\n<p><strong>ESTE PAPEL TENGO ESCRITO&#8230;<\/strong><\/p>\n<p>Este papel tengo escrito,<br \/>\ndesta noche imaginado,<br \/>\ndonde pinto mi cuidado<br \/>\ny mis glorias solicito.<\/p>\n<p>En versos doy a entender<br \/>\nlas penas que estoy pasando;<br \/>\nque un enamorado<br \/>\n\u00bfcu\u00e1ndo poeta dej\u00f3 de ser?<\/p>\n<p>Porque es de melancol\u00eda,<br \/>\ny de amor, proprios efetos,<br \/>\ny es oficio de discretos<br \/>\nel amor y la poes\u00eda.<\/p>\n<p>Bien que entiendo, apruebo y toco<br \/>\nque locos les llama el mundo,<br \/>\npero \u00bfqu\u00e9 ingenio profundo<br \/>\nno tiene punta de loco?<\/p>\n<p>\u00bfCon qui\u00e9n podr\u00eda enviallos?<br \/>\nQue los versos tienen esto:<br \/>\nque si no se logran presto,<br \/>\nda poco gusto el lograllos.<\/p>\n<p style=\"padding-left: 30px;\"><em>Los malcasados de Valencia<\/em>, 1608. Mon\u00f3logo de Valeri\u00e1n.<\/p>\n","protected":false},"excerpt":{"rendered":"<p>El escritor valenciano Guill\u00e9n de Castro (1569-1631) contribuy\u00f3, junto a autores como Lope de Vega y Tirso de Molina, a la creaci\u00f3n y el \u00e9xito de una novedosa f\u00f3rmula dram\u00e1tica: la comedia nueva. En algunas de sus obras, se pueden espigar declaraciones metapo\u00e9ticas. ESTE PAPEL TENGO ESCRITO&#8230; Este papel tengo escrito, desta noche imaginado, donde&#8230; <\/p>\n<div class=\"read-more navbutton\"><a href=\"https:\/\/poeticas.es\/?p=4638\">Leer m\u00e1s<i class=\"fa fa-angle-double-right\"><\/i><\/a><\/div>\n","protected":false},"author":1,"featured_media":0,"comment_status":"closed","ping_status":"closed","sticky":false,"template":"","format":"standard","meta":{"_exactmetrics_skip_tracking":false,"_exactmetrics_sitenote_active":false,"_exactmetrics_sitenote_note":"","_exactmetrics_sitenote_category":0,"footnotes":""},"categories":[1,40],"tags":[52,59,41],"class_list":["post-4638","post","type-post","status-publish","format-standard","hentry","category-uncategorized","category-el-barroco","tag-barrocos","tag-xvi","tag-xvii"],"_links":{"self":[{"href":"https:\/\/poeticas.es\/index.php?rest_route=\/wp\/v2\/posts\/4638","targetHints":{"allow":["GET"]}}],"collection":[{"href":"https:\/\/poeticas.es\/index.php?rest_route=\/wp\/v2\/posts"}],"about":[{"href":"https:\/\/poeticas.es\/index.php?rest_route=\/wp\/v2\/types\/post"}],"author":[{"embeddable":true,"href":"https:\/\/poeticas.es\/index.php?rest_route=\/wp\/v2\/users\/1"}],"replies":[{"embeddable":true,"href":"https:\/\/poeticas.es\/index.php?rest_route=%2Fwp%2Fv2%2Fcomments&post=4638"}],"version-history":[{"count":4,"href":"https:\/\/poeticas.es\/index.php?rest_route=\/wp\/v2\/posts\/4638\/revisions"}],"predecessor-version":[{"id":6211,"href":"https:\/\/poeticas.es\/index.php?rest_route=\/wp\/v2\/posts\/4638\/revisions\/6211"}],"wp:attachment":[{"href":"https:\/\/poeticas.es\/index.php?rest_route=%2Fwp%2Fv2%2Fmedia&parent=4638"}],"wp:term":[{"taxonomy":"category","embeddable":true,"href":"https:\/\/poeticas.es\/index.php?rest_route=%2Fwp%2Fv2%2Fcategories&post=4638"},{"taxonomy":"post_tag","embeddable":true,"href":"https:\/\/poeticas.es\/index.php?rest_route=%2Fwp%2Fv2%2Ftags&post=4638"}],"curies":[{"name":"wp","href":"https:\/\/api.w.org\/{rel}","templated":true}]}}