{"id":4754,"date":"2017-07-20T13:13:14","date_gmt":"2017-07-20T11:13:14","guid":{"rendered":"http:\/\/poeticas.es\/?p=4754"},"modified":"2023-08-14T12:22:06","modified_gmt":"2023-08-14T10:22:06","slug":"abdellatif-laabi","status":"publish","type":"post","link":"https:\/\/poeticas.es\/?p=4754","title":{"rendered":"Abdellatif La\u00e2bi"},"content":{"rendered":"<p><img loading=\"lazy\" decoding=\"async\" class=\"alignnone size-full wp-image-6074\" src=\"https:\/\/poeticas.es\/wp-content\/uploads\/2023\/08\/ablaabi.png\" alt=\"\" width=\"638\" height=\"204\" srcset=\"https:\/\/poeticas.es\/wp-content\/uploads\/2023\/08\/ablaabi.png 638w, https:\/\/poeticas.es\/wp-content\/uploads\/2023\/08\/ablaabi-300x96.png 300w\" sizes=\"auto, (max-width: 638px) 100vw, 638px\" \/><\/p>\n<p style=\"text-align: justify;\"><em>Abdellatif La\u00e2bi (1942), poeta marroqu\u00ed de expresi\u00f3n francesa, sufri\u00f3 una larga condena de c\u00e1rcel por razones pol\u00edticas. A pesar de ello, mantuvo su fe en el car\u00e1cter subversivo de la poes\u00eda: en su opini\u00f3n, la mayor\u00eda de los discursos esconden la verdad, no la revelan; pero la poes\u00eda trata de renovar la lengua cada d\u00eda y crear un discurso libre y liberador.<\/em><\/p>\n<p><strong>EL LECTOR APRESURADO<\/strong><\/p>\n<p>\u00bfQu\u00e9 vienes a hacer aqu\u00ed<br \/>\nlector?<br \/>\nHas abierto sin miramientos<br \/>\neste libro<br \/>\ny remueves febrilmente la arena de las p\u00e1ginas<br \/>\nen busca<br \/>\nde no s\u00e9 qu\u00e9 tesoro enterrado<br \/>\n\u00bfEst\u00e1s ah\u00ed para llorar<br \/>\no para re\u00edr?<br \/>\n\u00bfNo tienes nadie m\u00e1s<br \/>\ncon qui\u00e9n hablar?<br \/>\n\u00bfTu vida<br \/>\nest\u00e1 vac\u00eda hasta ese punto?<br \/>\nEntonces cierra r\u00e1pido este libro<br \/>\nP\u00f3salo lejos del despertador<br \/>\ny del tarro de medicinas<br \/>\nD\u00e9jalo madurar<br \/>\nal sol del deseo<br \/>\nsobre la rama de este hermoso silencio<\/p>\n<p style=\"padding-left: 30px;\"><em>Poemas perecederos<\/em>, 2000. Traducci\u00f3n de Laura Casielles.<\/p>\n<p><!--more--><\/p>\n<p style=\"padding-left: 30px;\"><strong>LE LECTEUR PRESS\u00c9<\/strong><\/p>\n<p style=\"padding-left: 30px;\">Que viens-tu faire ici<br \/>\nlecteur ?<br \/>\nTu as ouvert sans m\u00e9nagement<br \/>\nce livre<br \/>\net tu remues f\u00e9brilement le sable des pages<br \/>\n\u00e0 la recherche<br \/>\nde je ne sais quel tr\u00e9sor enfoui<br \/>\nEs-tu l\u00e0 pour pleurer<br \/>\nou pour rire<br \/>\nN\u2019as-tu personne d\u2019autre<br \/>\n\u00e0 qui parler<br \/>\nTa vie<br \/>\nest-elle \u00e0 ce point vide ?<br \/>\nAlors referme vite ce livre<br \/>\nPose-le loin du r\u00e9veille-matin<br \/>\net de la bo\u00eete \u00e0 m\u00e9dicaments<br \/>\nLaisse-le m\u00fbrir<br \/>\nau soleil du d\u00e9sir<br \/>\nsur la branche du beau silence<\/p>\n<p style=\"padding-left: 60px;\"><em>Po\u00e8mes p\u00e9rissables<\/em>, 2000.<\/p>\n<p><strong>EL DERECHO DE REBELARTE LO EMPLEAR\u00c1S\u2026<\/strong><\/p>\n<p>El derecho de rebelarte lo emplear\u00e1s<br \/>\npase lo que pase<br \/>\nEl deber de discernir<br \/>\ndesvelar<br \/>\nlacerar<br \/>\ncada cara de la abyecci\u00f3n<br \/>\nlo saldar\u00e1s<br \/>\na rostro descubierto<br \/>\nDel grano de luz<br \/>\ndispensado a tu especie<br \/>\nca\u00eddo en tus entra\u00f1as<br \/>\nte har\u00e1s guarda y vestal<br \/>\nCumplidas estas condiciones<br \/>\nmerecer\u00e1s tu verdadero nombre<br \/>\nhombre de palabra<br \/>\no si se quiere poeta<\/p>\n<p style=\"padding-left: 30px;\"><em>Tribulaciones de un so\u00f1ador titular<\/em>, 2008. Traducci\u00f3n de Laura Casielles.<\/p>\n<p style=\"padding-left: 30px;\"><strong>DU DROIT DE T\u2019INSURGER TU USERAS&#8230;<\/strong><\/p>\n<p style=\"padding-left: 30px;\">Du droit de t\u2019insurger tu useras<br \/>\nquoi qu\u2019il advienne<br \/>\nDu devoir de discerner<br \/>\nd\u00e9voiler<br \/>\nlac\u00e9rer<br \/>\nchaque visage de l\u2019abjection<br \/>\ntu t\u2019acquitteras<br \/>\n\u00e0 visage d\u00e9couvert<br \/>\nDe la graine de lumi\u00e8re<br \/>\ndispens\u00e9e \u00e0 ton esp\u00e8ce<br \/>\nchue dans tes entrailles<br \/>\ntu te feras gardien et vestale<br \/>\n\u00c0 ces conditions pr\u00e9alables<br \/>\ntu m\u00e9riteras ton vrai nom<br \/>\nhomme de parole<br \/>\nou po\u00e8te si l\u2019on veut<\/p>\n<p style=\"padding-left: 60px;\"><em>Tribulations d\u2019un r\u00eaveur attitr\u00e9<\/em>, 2008.<\/p>\n","protected":false},"excerpt":{"rendered":"<p>Abdellatif La\u00e2bi (1942), poeta marroqu\u00ed de expresi\u00f3n francesa, sufri\u00f3 una larga condena de c\u00e1rcel por razones pol\u00edticas. A pesar de ello, mantuvo su fe en el car\u00e1cter subversivo de la poes\u00eda: en su opini\u00f3n, la mayor\u00eda de los discursos esconden la verdad, no la revelan; pero la poes\u00eda trata de renovar la lengua cada d\u00eda&#8230; <\/p>\n<div class=\"read-more navbutton\"><a href=\"https:\/\/poeticas.es\/?p=4754\">Leer m\u00e1s<i class=\"fa fa-angle-double-right\"><\/i><\/a><\/div>\n","protected":false},"author":1,"featured_media":0,"comment_status":"closed","ping_status":"closed","sticky":false,"template":"","format":"standard","meta":{"_exactmetrics_skip_tracking":false,"_exactmetrics_sitenote_active":false,"_exactmetrics_sitenote_note":"","_exactmetrics_sitenote_category":0,"footnotes":""},"categories":[1,45],"tags":[15,36],"class_list":["post-4754","post","type-post","status-publish","format-standard","hentry","category-uncategorized","category-literatura-francesa","tag-xx","tag-xxi"],"_links":{"self":[{"href":"https:\/\/poeticas.es\/index.php?rest_route=\/wp\/v2\/posts\/4754","targetHints":{"allow":["GET"]}}],"collection":[{"href":"https:\/\/poeticas.es\/index.php?rest_route=\/wp\/v2\/posts"}],"about":[{"href":"https:\/\/poeticas.es\/index.php?rest_route=\/wp\/v2\/types\/post"}],"author":[{"embeddable":true,"href":"https:\/\/poeticas.es\/index.php?rest_route=\/wp\/v2\/users\/1"}],"replies":[{"embeddable":true,"href":"https:\/\/poeticas.es\/index.php?rest_route=%2Fwp%2Fv2%2Fcomments&post=4754"}],"version-history":[{"count":2,"href":"https:\/\/poeticas.es\/index.php?rest_route=\/wp\/v2\/posts\/4754\/revisions"}],"predecessor-version":[{"id":6078,"href":"https:\/\/poeticas.es\/index.php?rest_route=\/wp\/v2\/posts\/4754\/revisions\/6078"}],"wp:attachment":[{"href":"https:\/\/poeticas.es\/index.php?rest_route=%2Fwp%2Fv2%2Fmedia&parent=4754"}],"wp:term":[{"taxonomy":"category","embeddable":true,"href":"https:\/\/poeticas.es\/index.php?rest_route=%2Fwp%2Fv2%2Fcategories&post=4754"},{"taxonomy":"post_tag","embeddable":true,"href":"https:\/\/poeticas.es\/index.php?rest_route=%2Fwp%2Fv2%2Ftags&post=4754"}],"curies":[{"name":"wp","href":"https:\/\/api.w.org\/{rel}","templated":true}]}}