{"id":4763,"date":"2017-07-11T09:05:32","date_gmt":"2017-07-11T07:05:32","guid":{"rendered":"http:\/\/poeticas.es\/?p=4763"},"modified":"2023-08-14T12:52:00","modified_gmt":"2023-08-14T10:52:00","slug":"nuno-judice","status":"publish","type":"post","link":"https:\/\/poeticas.es\/?p=4763","title":{"rendered":"Nuno J\u00fadice"},"content":{"rendered":"<p><img loading=\"lazy\" decoding=\"async\" class=\"alignnone size-full wp-image-6094\" src=\"https:\/\/poeticas.es\/wp-content\/uploads\/2017\/07\/nun-1.png\" alt=\"\" width=\"648\" height=\"204\" srcset=\"https:\/\/poeticas.es\/wp-content\/uploads\/2017\/07\/nun-1.png 648w, https:\/\/poeticas.es\/wp-content\/uploads\/2017\/07\/nun-1-300x94.png 300w\" sizes=\"auto, (max-width: 648px) 100vw, 648px\" \/><\/p>\n<p style=\"text-align: justify;\"><em>El poeta portugu\u00e9s Nuno J\u00fadice (1949) destaca por su maestr\u00eda t\u00e9cnica, que le hace brillar tanto en el cultivo de formas m\u00e9tricas tradicionales (soneto, silva&#8230;), como en el del verso libre o el poema en prosa. Su poes\u00eda se mueve entre la experiencia (sin caer en el confesionalismo) y la cultura (sin llegar al amaneramiento) e indaga una y otra vez en las ra\u00edces de la creaci\u00f3n po\u00e9tica.\u00a0<\/em><\/p>\n<p><strong>PO\u00c9TICA<\/strong><\/p>\n<p>Eviten el modelo griego: la perfecci\u00f3n de las l\u00edneas,<br \/>\nla nitidez del m\u00e1rmol, el azul del mar. En el fondo,<br \/>\nall\u00ed donde el cuerpo se deja contaminar por los colores<br \/>\npardos del amor es donde nace la luz, como un tallo<br \/>\nde invierno; y es dentro de ese fruto que pudre la lluvia<br \/>\ndonde insiste la vida.<\/p>\n<p style=\"padding-left: 30px;\"><em>El movimiento del mundo<\/em>, 1996. Traducci\u00f3n de Carlos Clementson.<\/p>\n<p><!--more--><\/p>\n<p style=\"padding-left: 30px;\"><strong>PO\u00c9TICA<\/strong><\/p>\n<p style=\"padding-left: 30px;\">Evitem o modelo grego: a perfei\u00e7\u00e3o das linhas,<br \/>\na limpidez do m\u00e1rmore, o azul do mar. No fundo, \u00e9<br \/>\nonde o corpo se deixa contaminar pelas cores<br \/>\nba\u00e7as do amor que a luz nasce, como um caule<br \/>\nde inverno; e \u00e9 por dentro do fruto que a chuva<br \/>\napodrece que a vida insiste.<\/p>\n<p style=\"padding-left: 60px;\"><em>O Movimento do Mundo<\/em>, 1996.<\/p>\n","protected":false},"excerpt":{"rendered":"<p>El poeta portugu\u00e9s Nuno J\u00fadice (1949) destaca por su maestr\u00eda t\u00e9cnica, que le hace brillar tanto en el cultivo de formas m\u00e9tricas tradicionales (soneto, silva&#8230;), como en el del verso libre o el poema en prosa. Su poes\u00eda se mueve entre la experiencia (sin caer en el confesionalismo) y la cultura (sin llegar al amaneramiento)&#8230; <\/p>\n<div class=\"read-more navbutton\"><a href=\"https:\/\/poeticas.es\/?p=4763\">Leer m\u00e1s<i class=\"fa fa-angle-double-right\"><\/i><\/a><\/div>\n","protected":false},"author":1,"featured_media":0,"comment_status":"closed","ping_status":"closed","sticky":false,"template":"","format":"standard","meta":{"_exactmetrics_skip_tracking":false,"_exactmetrics_sitenote_active":false,"_exactmetrics_sitenote_note":"","_exactmetrics_sitenote_category":0,"footnotes":""},"categories":[1,87],"tags":[147,15,36],"class_list":["post-4763","post","type-post","status-publish","format-standard","hentry","category-uncategorized","category-literatura-portuguesa","tag-premio-reina-sofia","tag-xx","tag-xxi"],"_links":{"self":[{"href":"https:\/\/poeticas.es\/index.php?rest_route=\/wp\/v2\/posts\/4763","targetHints":{"allow":["GET"]}}],"collection":[{"href":"https:\/\/poeticas.es\/index.php?rest_route=\/wp\/v2\/posts"}],"about":[{"href":"https:\/\/poeticas.es\/index.php?rest_route=\/wp\/v2\/types\/post"}],"author":[{"embeddable":true,"href":"https:\/\/poeticas.es\/index.php?rest_route=\/wp\/v2\/users\/1"}],"replies":[{"embeddable":true,"href":"https:\/\/poeticas.es\/index.php?rest_route=%2Fwp%2Fv2%2Fcomments&post=4763"}],"version-history":[{"count":5,"href":"https:\/\/poeticas.es\/index.php?rest_route=\/wp\/v2\/posts\/4763\/revisions"}],"predecessor-version":[{"id":6095,"href":"https:\/\/poeticas.es\/index.php?rest_route=\/wp\/v2\/posts\/4763\/revisions\/6095"}],"wp:attachment":[{"href":"https:\/\/poeticas.es\/index.php?rest_route=%2Fwp%2Fv2%2Fmedia&parent=4763"}],"wp:term":[{"taxonomy":"category","embeddable":true,"href":"https:\/\/poeticas.es\/index.php?rest_route=%2Fwp%2Fv2%2Fcategories&post=4763"},{"taxonomy":"post_tag","embeddable":true,"href":"https:\/\/poeticas.es\/index.php?rest_route=%2Fwp%2Fv2%2Ftags&post=4763"}],"curies":[{"name":"wp","href":"https:\/\/api.w.org\/{rel}","templated":true}]}}