{"id":4788,"date":"2017-07-15T10:00:18","date_gmt":"2017-07-15T08:00:18","guid":{"rendered":"http:\/\/poeticas.es\/?p=4788"},"modified":"2023-08-14T12:25:28","modified_gmt":"2023-08-14T10:25:28","slug":"maria-victoria-atencia","status":"publish","type":"post","link":"https:\/\/poeticas.es\/?p=4788","title":{"rendered":"Mar\u00eda Victoria Atencia"},"content":{"rendered":"<p><img loading=\"lazy\" decoding=\"async\" class=\"alignnone size-full wp-image-6069\" src=\"https:\/\/poeticas.es\/wp-content\/uploads\/2017\/07\/mva.png\" alt=\"\" width=\"652\" height=\"208\" srcset=\"https:\/\/poeticas.es\/wp-content\/uploads\/2017\/07\/mva.png 652w, https:\/\/poeticas.es\/wp-content\/uploads\/2017\/07\/mva-300x96.png 300w\" sizes=\"auto, (max-width: 652px) 100vw, 652px\" \/><\/p>\n<p style=\"text-align: justify;\"><em><a href=\"http:\/\/mvatencia.com\/\">Mar\u00eda Victoria Atencia<\/a> (M\u00e1laga, 1931), poeta vinculada a la generaci\u00f3n del 50 y al grupo malague\u00f1o de la revista Caracola, alterna en <a href=\"http:\/\/www.cervantesvirtual.com\/portales\/maria_victoria_atencia\/\">su poes\u00eda<\/a> las referencias autobiogr\u00e1ficas con el inter\u00e9s culturalista por la pintura y la m\u00fasica.\u00a0Lectora entusiasta de San Juan y Rainer Maria Rilke, sus versos destacan por su belleza y su simbolismo.<\/em><\/p>\n<p><strong>SAZ\u00d3N<\/strong><\/p>\n<p>Ya est\u00e1 todo en saz\u00f3n. Me siento hecha,<br \/>\nme conozco mujer y clavo al suelo<br \/>\nprofunda la ra\u00edz, y tiendo en vuelo<br \/>\nla rama, cierta en ti, de su cosecha.<\/p>\n<p>\u00a1C\u00f3mo crece la rama y qu\u00e9 derecha!<br \/>\nTodo es hoy en mi tronco un solo anhelo<br \/>\nde vivir y vivir: tender al cielo,<br \/>\nerguida en vertical, como la flecha<\/p>\n<p>que se lanza a la nube. Tan erguida<br \/>\nque tu voz se ha aprendido la destreza<br \/>\nde abrirla sonriente y florecida.<\/p>\n<p>Me remueve tu voz. Por ella siento<br \/>\nque la rama combada se endereza<br \/>\ny el fruto de mi voz se crece al viento.<\/p>\n<p style=\"padding-left: 30px;\">\u00abCuatro sonetos\u00bb, 1955. En <em>Arte y parte<\/em>, 1961.<\/p>\n<p><!--more--><\/p>\n<p><strong>SI LA BELLEZA&#8230;<\/strong><\/p>\n<p>Si la belleza debe ceder en su frescura<br \/>\nno dejes que se extinga en m\u00ed su poder\u00edo,<br \/>\npues si di preferencia a otros dones, no tuve<br \/>\nen menosprecio el alto valor de tus obsequios:<br \/>\nla posible hermosura de que t\u00fa me colmaste<br \/>\no que as\u00ed parec\u00eda a quien m\u00e1s que a m\u00ed quise,<br \/>\nporque me concediste gozar crecidamente<br \/>\nde apasionado amor, con exceso llenando<br \/>\nel jarro que dispuesto llev\u00e9 para la cita.<\/p>\n<p>Resquebrajado el barro, sin la\u00f1as ni remiendos,<br \/>\nd\u00e9jame una prestancia que demore a la muerte.<\/p>\n<p style=\"padding-left: 30px;\"><em>Marta &amp; Mar\u00eda<\/em>, 1976.<\/p>\n<p><strong>PAPEL<\/strong><\/p>\n<h6 style=\"padding-left: 160px;\"><em>Para Rafael<\/em><\/h6>\n<p>Un estado anterior a la p\u00e1gina en blanco<br \/>\nson las fibras de hilo<br \/>\nque antes vistieron, desnudaron cuerpos,<br \/>\ny luego, laceradas, el agua puso a flote.<br \/>\nSobre la blanca superficie contiendo mi batalla,<br \/>\nmi agresi\u00f3n a los signos de los que alzo un recado<br \/>\nque en el papel silencia su confidencia apenas; el papel,<br \/>\nmi enemigo y mi c\u00f3mplice, mi socio deseado, mi delator<br \/>\nherido sin piedad a lo largo del alma.<\/p>\n<p style=\"padding-left: 40px;\"><em>La pared contigua<\/em>, 1989.<\/p>\n<p><strong>LA PALABRA<\/strong><\/p>\n<p>La palabra agotada por su uso,<br \/>\nsu propio peso exhausto, su medida,<br \/>\nalza de nuevo su antigua dimensi\u00f3n y viene<br \/>\n\u2014aspiraci\u00f3n apenas\u2014 a mi l\u00e1piz,<br \/>\ntan transitoria y leve<br \/>\ncomo el amor, en la memoria<br \/>\natosigada por su desmesura.<\/p>\n<p style=\"padding-left: 30px;\"><em>El hueco<\/em>, 2003.<\/p>\n<p><strong>COMO LAS COSAS CLAMAN<\/strong><\/p>\n<p>Ay, alma m\u00eda, hab\u00edtame, me dije; y me sab\u00eda<br \/>\ncontemplando la espalda del aire y su dominio,<br \/>\nmi tierra sin cultivo y la costumbre y una<br \/>\ndeuda de aliento sobre mi raz\u00f3n abatida.<\/p>\n<p>Pero el poema me iba \u2014sin yo saberlo\u2014, me iba<br \/>\nreclamando tenaz como las cosas claman<br \/>\npor su due\u00f1o, y de s\u00fabito, tras de tanto silencio,<br \/>\nse me vino a las manos sin que supiese c\u00f3mo,<br \/>\ncomo el rayo de luz que atraviesa unos vidrios.<\/p>\n<p style=\"padding-left: 30px;\"><em>De p\u00e9rdidas y adioses<\/em>, 2005.<\/p>\n<p><strong>COMO UN ROCE EN SUS LABIOS<\/strong><\/p>\n<p>Que alguien pase mis p\u00e1ginas, pues que debo perderme<br \/>\nen la oscura ra\u00edz de mi arboleda. Puedo<br \/>\nescuchar c\u00f3mo gime el silencio, y ya soy<br \/>\nsolo un roce en sus labios, aunque el escribidor<br \/>\nde versos solo sea alguien que habla de cosas que no entiende.<br \/>\nQue me recorra un soplo, y pueda yo alcanzar<br \/>\n\u2014sin que quiz\u00e1s me entienda\u2014 a escribir cada d\u00eda<br \/>\nuna l\u00ednea distinta para inventar la vida que me falta,<br \/>\ny me aprenda, y me olvide, pues me s\u00e9 de memoria despu\u00e9s de tantos a\u00f1os.<br \/>\nNo deteriora el tiempo la belleza:<br \/>\nla perfecciona en otra manera de hermosura.<\/p>\n<p style=\"padding-left: 30px;\"><em>De p\u00e9rdidas y adioses<\/em>, 2005.<\/p>\n<p><strong>LAS ANTICIPACIONES<\/strong><\/p>\n<p>Os debo prometer, recaudadores<br \/>\nde nombres substantivos, mi regreso a la m\u00fasica<br \/>\n\u2014la m\u00fasica ante todo\u2014 y empezar a olvidar que os he le\u00eddo,<br \/>\ny he tenido por m\u00edas instancias y expresiones<br \/>\nque os tuvieron, en noches del sentido, dando el alma a la muerte.<\/p>\n<p>O acaso es que tenemos como un alma en com\u00fan y nos recorre,<br \/>\ncomo por turnos, una misma sangre,<br \/>\ny un solo y mismo trance se nos va fieramente anticipando<br \/>\ncon palabras iguales<br \/>\nhasta justificarse en el poema.<\/p>\n<p style=\"padding-left: 30px;\"><em>De p\u00e9rdidas y adioses<\/em>, 2005.<\/p>\n","protected":false},"excerpt":{"rendered":"<p>Mar\u00eda Victoria Atencia (M\u00e1laga, 1931), poeta vinculada a la generaci\u00f3n del 50 y al grupo malague\u00f1o de la revista Caracola, alterna en su poes\u00eda las referencias autobiogr\u00e1ficas con el inter\u00e9s culturalista por la pintura y la m\u00fasica.\u00a0Lectora entusiasta de San Juan y Rainer Maria Rilke, sus versos destacan por su belleza y su simbolismo. SAZ\u00d3N&#8230; <\/p>\n<div class=\"read-more navbutton\"><a href=\"https:\/\/poeticas.es\/?p=4788\">Leer m\u00e1s<i class=\"fa fa-angle-double-right\"><\/i><\/a><\/div>\n","protected":false},"author":1,"featured_media":0,"comment_status":"closed","ping_status":"closed","sticky":false,"template":"","format":"standard","meta":{"_exactmetrics_skip_tracking":false,"_exactmetrics_sitenote_active":false,"_exactmetrics_sitenote_note":"","_exactmetrics_sitenote_category":0,"footnotes":""},"categories":[1,9,28],"tags":[62,51,147,15,36],"class_list":["post-4788","post","type-post","status-publish","format-standard","hentry","category-uncategorized","category-literatura-espanola","category-posguerra","tag-escritoras","tag-generacion-del-50","tag-premio-reina-sofia","tag-xx","tag-xxi"],"_links":{"self":[{"href":"https:\/\/poeticas.es\/index.php?rest_route=\/wp\/v2\/posts\/4788","targetHints":{"allow":["GET"]}}],"collection":[{"href":"https:\/\/poeticas.es\/index.php?rest_route=\/wp\/v2\/posts"}],"about":[{"href":"https:\/\/poeticas.es\/index.php?rest_route=\/wp\/v2\/types\/post"}],"author":[{"embeddable":true,"href":"https:\/\/poeticas.es\/index.php?rest_route=\/wp\/v2\/users\/1"}],"replies":[{"embeddable":true,"href":"https:\/\/poeticas.es\/index.php?rest_route=%2Fwp%2Fv2%2Fcomments&post=4788"}],"version-history":[{"count":11,"href":"https:\/\/poeticas.es\/index.php?rest_route=\/wp\/v2\/posts\/4788\/revisions"}],"predecessor-version":[{"id":6081,"href":"https:\/\/poeticas.es\/index.php?rest_route=\/wp\/v2\/posts\/4788\/revisions\/6081"}],"wp:attachment":[{"href":"https:\/\/poeticas.es\/index.php?rest_route=%2Fwp%2Fv2%2Fmedia&parent=4788"}],"wp:term":[{"taxonomy":"category","embeddable":true,"href":"https:\/\/poeticas.es\/index.php?rest_route=%2Fwp%2Fv2%2Fcategories&post=4788"},{"taxonomy":"post_tag","embeddable":true,"href":"https:\/\/poeticas.es\/index.php?rest_route=%2Fwp%2Fv2%2Ftags&post=4788"}],"curies":[{"name":"wp","href":"https:\/\/api.w.org\/{rel}","templated":true}]}}