{"id":4850,"date":"2022-06-12T19:23:30","date_gmt":"2022-06-12T17:23:30","guid":{"rendered":"http:\/\/poeticas.es\/?p=4850"},"modified":"2022-10-03T15:52:37","modified_gmt":"2022-10-03T13:52:37","slug":"celedonio-esteban-flores","status":"publish","type":"post","link":"https:\/\/poeticas.es\/?p=4850","title":{"rendered":"Celedonio Esteban Flores"},"content":{"rendered":"<p><img loading=\"lazy\" decoding=\"async\" class=\"alignnone size-full wp-image-5792\" src=\"https:\/\/poeticas.es\/wp-content\/uploads\/2022\/06\/Celedonio-Esteban-Flores.jpg\" alt=\"\" width=\"645\" height=\"206\" srcset=\"https:\/\/poeticas.es\/wp-content\/uploads\/2022\/06\/Celedonio-Esteban-Flores.jpg 645w, https:\/\/poeticas.es\/wp-content\/uploads\/2022\/06\/Celedonio-Esteban-Flores-300x96.jpg 300w\" sizes=\"auto, (max-width: 645px) 100vw, 645px\" \/><\/p>\n<p style=\"text-align: justify;\"><em>Celedonio Esteban Flores (Buenos Aires, 1896-1947), poeta y letrista de tangos, es uno de los m\u00e1ximos representantes de la literatura lunfardesca. Opt\u00f3 por una \u201cpoes\u00eda f\u00e1cil de expresi\u00f3n com\u00fan\u201d para cantar \u201cel drama de todos los d\u00edas\u201d.<\/em><\/p>\n<p><strong>MUSA REA<\/strong><\/p>\n<p>No tengo el berret\u00edn de ser un bardo,<br \/>\nchamuyador letrao, ni de spamento;<br \/>\nYo escribo humildemente lo que siento<br \/>\ny pa&#8217; escribir mejor, lo hago en lunfardo.<\/p>\n<p>Yo no le canto al perfumado nardo<br \/>\nni al constelao azul del firmamento.<br \/>\nYo busco en el suburbio sentimiento&#8230;<br \/>\n\u00a1Pa&#8217; cantarle a una flor, le canto al cardo!<\/p>\n<p>Y porque embroco la emoci\u00f3n que emana<br \/>\ndel suburbio trist\u00f3n, de la bacana,<br \/>\ndel tango candombero y cadencioso,<\/p>\n<p>surge a torrentes mi mistonga musa.<br \/>\n\u00a1Es que yo tengo un alma rantifusa<br \/>\nbajo esta pinta de bac\u00e1n lustroso!<\/p>\n<p style=\"padding-left: 30px;\"><em>Cuando pasa el organito<\/em>, 1935.<\/p>\n","protected":false},"excerpt":{"rendered":"<p>Celedonio Esteban Flores (Buenos Aires, 1896-1947), poeta y letrista de tangos, es uno de los m\u00e1ximos representantes de la literatura lunfardesca. Opt\u00f3 por una \u201cpoes\u00eda f\u00e1cil de expresi\u00f3n com\u00fan\u201d para cantar \u201cel drama de todos los d\u00edas\u201d. MUSA REA No tengo el berret\u00edn de ser un bardo, chamuyador letrao, ni de spamento; Yo escribo humildemente&#8230; <\/p>\n<div class=\"read-more navbutton\"><a href=\"https:\/\/poeticas.es\/?p=4850\">Leer m\u00e1s<i class=\"fa fa-angle-double-right\"><\/i><\/a><\/div>\n","protected":false},"author":1,"featured_media":0,"comment_status":"closed","ping_status":"closed","sticky":false,"template":"","format":"standard","meta":{"_exactmetrics_skip_tracking":false,"_exactmetrics_sitenote_active":false,"_exactmetrics_sitenote_note":"","_exactmetrics_sitenote_category":0,"footnotes":""},"categories":[1,19],"tags":[169,15],"class_list":["post-4850","post","type-post","status-publish","format-standard","hentry","category-uncategorized","category-literatura-argentina","tag-poesia-lunfardesca","tag-xx"],"_links":{"self":[{"href":"https:\/\/poeticas.es\/index.php?rest_route=\/wp\/v2\/posts\/4850","targetHints":{"allow":["GET"]}}],"collection":[{"href":"https:\/\/poeticas.es\/index.php?rest_route=\/wp\/v2\/posts"}],"about":[{"href":"https:\/\/poeticas.es\/index.php?rest_route=\/wp\/v2\/types\/post"}],"author":[{"embeddable":true,"href":"https:\/\/poeticas.es\/index.php?rest_route=\/wp\/v2\/users\/1"}],"replies":[{"embeddable":true,"href":"https:\/\/poeticas.es\/index.php?rest_route=%2Fwp%2Fv2%2Fcomments&post=4850"}],"version-history":[{"count":5,"href":"https:\/\/poeticas.es\/index.php?rest_route=\/wp\/v2\/posts\/4850\/revisions"}],"predecessor-version":[{"id":5793,"href":"https:\/\/poeticas.es\/index.php?rest_route=\/wp\/v2\/posts\/4850\/revisions\/5793"}],"wp:attachment":[{"href":"https:\/\/poeticas.es\/index.php?rest_route=%2Fwp%2Fv2%2Fmedia&parent=4850"}],"wp:term":[{"taxonomy":"category","embeddable":true,"href":"https:\/\/poeticas.es\/index.php?rest_route=%2Fwp%2Fv2%2Fcategories&post=4850"},{"taxonomy":"post_tag","embeddable":true,"href":"https:\/\/poeticas.es\/index.php?rest_route=%2Fwp%2Fv2%2Ftags&post=4850"}],"curies":[{"name":"wp","href":"https:\/\/api.w.org\/{rel}","templated":true}]}}