{"id":4872,"date":"2018-03-12T18:43:53","date_gmt":"2018-03-12T16:43:53","guid":{"rendered":"http:\/\/poeticas.es\/?p=4872"},"modified":"2022-10-22T20:49:40","modified_gmt":"2022-10-22T18:49:40","slug":"esperanza-ortega","status":"publish","type":"post","link":"https:\/\/poeticas.es\/?p=4872","title":{"rendered":"Esperanza Ortega"},"content":{"rendered":"<p><img loading=\"lazy\" decoding=\"async\" class=\"alignnone size-full wp-image-5890\" src=\"https:\/\/poeticas.es\/wp-content\/uploads\/2018\/03\/eortega.jpg\" alt=\"\" width=\"643\" height=\"207\" srcset=\"https:\/\/poeticas.es\/wp-content\/uploads\/2018\/03\/eortega.jpg 643w, https:\/\/poeticas.es\/wp-content\/uploads\/2018\/03\/eortega-300x97.jpg 300w\" sizes=\"auto, (max-width: 643px) 100vw, 643px\" \/><\/p>\n<p><em>La poes\u00eda de Esperanza Ortega (Palencia, 1953) se construye de espaldas a tendencias y escuelas, sin m\u00e1s gu\u00edas que la intuici\u00f3n y el respeto al ritmo interior del poema. Sus versos invitan al lector a descubrir la belleza en lo peque\u00f1o y lo ins\u00f3lito en lo cotidiano.<\/em><\/p>\n<p><strong>ELLAS S\u00cd QUE TE ESPERAN&#8230;<\/strong><\/p>\n<p>Ellas s\u00ed que te esperan<br \/>\nellas s\u00ed que regresan si las dejas volar<\/p>\n<p>con tensa mansedumbre<br \/>\nvan diciendo sus nombres<\/p>\n<p>Cobijo<br \/>\nLentitud<br \/>\nVaiv\u00e9n<br \/>\nEntrega<\/p>\n<p>Sometida Indeleble Guiadora<\/p>\n<p>los pronuncian con miedo<br \/>\n\u2014alguien ha maltratado<br \/>\nsu humilde voz desnuda\u2014<\/p>\n<p>por eso les perdonas que callen tantas veces<br \/>\nque ninguna te diga c\u00f3mo entraron en ti<br \/>\npor qu\u00e9 hueco insondable se abri\u00f3 tu coraz\u00f3n<\/p>\n<p>c\u00f3mo burlan tu asedio<br \/>\nlas cautivas<br \/>\ncuando husmeas a oscuras en sus nidos<\/p>\n<p style=\"padding-left: 30px;\"><em>Hilo solo<\/em>, 1995.<\/p>\n","protected":false},"excerpt":{"rendered":"<p>La poes\u00eda de Esperanza Ortega (Palencia, 1953) se construye de espaldas a tendencias y escuelas, sin m\u00e1s gu\u00edas que la intuici\u00f3n y el respeto al ritmo interior del poema. Sus versos invitan al lector a descubrir la belleza en lo peque\u00f1o y lo ins\u00f3lito en lo cotidiano. ELLAS S\u00cd QUE TE ESPERAN&#8230; Ellas s\u00ed que&#8230; <\/p>\n<div class=\"read-more navbutton\"><a href=\"https:\/\/poeticas.es\/?p=4872\">Leer m\u00e1s<i class=\"fa fa-angle-double-right\"><\/i><\/a><\/div>\n","protected":false},"author":1,"featured_media":0,"comment_status":"closed","ping_status":"closed","sticky":false,"template":"","format":"standard","meta":{"_exactmetrics_skip_tracking":false,"_exactmetrics_sitenote_active":false,"_exactmetrics_sitenote_note":"","_exactmetrics_sitenote_category":0,"footnotes":""},"categories":[1,9,13],"tags":[62,15,36],"class_list":["post-4872","post","type-post","status-publish","format-standard","hentry","category-uncategorized","category-literatura-espanola","category-contemporaneos","tag-escritoras","tag-xx","tag-xxi"],"_links":{"self":[{"href":"https:\/\/poeticas.es\/index.php?rest_route=\/wp\/v2\/posts\/4872","targetHints":{"allow":["GET"]}}],"collection":[{"href":"https:\/\/poeticas.es\/index.php?rest_route=\/wp\/v2\/posts"}],"about":[{"href":"https:\/\/poeticas.es\/index.php?rest_route=\/wp\/v2\/types\/post"}],"author":[{"embeddable":true,"href":"https:\/\/poeticas.es\/index.php?rest_route=\/wp\/v2\/users\/1"}],"replies":[{"embeddable":true,"href":"https:\/\/poeticas.es\/index.php?rest_route=%2Fwp%2Fv2%2Fcomments&post=4872"}],"version-history":[{"count":3,"href":"https:\/\/poeticas.es\/index.php?rest_route=\/wp\/v2\/posts\/4872\/revisions"}],"predecessor-version":[{"id":5891,"href":"https:\/\/poeticas.es\/index.php?rest_route=\/wp\/v2\/posts\/4872\/revisions\/5891"}],"wp:attachment":[{"href":"https:\/\/poeticas.es\/index.php?rest_route=%2Fwp%2Fv2%2Fmedia&parent=4872"}],"wp:term":[{"taxonomy":"category","embeddable":true,"href":"https:\/\/poeticas.es\/index.php?rest_route=%2Fwp%2Fv2%2Fcategories&post=4872"},{"taxonomy":"post_tag","embeddable":true,"href":"https:\/\/poeticas.es\/index.php?rest_route=%2Fwp%2Fv2%2Ftags&post=4872"}],"curies":[{"name":"wp","href":"https:\/\/api.w.org\/{rel}","templated":true}]}}