{"id":522,"date":"2009-02-06T06:53:29","date_gmt":"2009-02-06T06:53:29","guid":{"rendered":"http:\/\/poeticas.es\/?p=522"},"modified":"2017-09-06T15:47:25","modified_gmt":"2017-09-06T13:47:25","slug":"fernando-pessoa","status":"publish","type":"post","link":"https:\/\/poeticas.es\/?p=522","title":{"rendered":"Fernando Pessoa"},"content":{"rendered":"<p class=\"MsoNormal\" style=\"text-align: justify;\"><img loading=\"lazy\" decoding=\"async\" class=\"alignnone size-full wp-image-769\" title=\"Autorretrato en grupo, de Jos\u00e9 de Almada Negreiros\" src=\"https:\/\/poeticas.es\/wp-content\/uploads\/2009\/02\/fernandopessoa1.jpg\" alt=\"Autorretrato en grupo, de Jos\u00e9 de Almada Negreiros\" width=\"400\" height=\"261\" srcset=\"https:\/\/poeticas.es\/wp-content\/uploads\/2009\/02\/fernandopessoa1.jpg 400w, https:\/\/poeticas.es\/wp-content\/uploads\/2009\/02\/fernandopessoa1-300x195.jpg 300w\" sizes=\"auto, (max-width: 400px) 100vw, 400px\" \/><\/p>\n<p class=\"MsoNormal\" style=\"text-align: justify;\"><em>Fernando Pessoa (Lisboa, 1888-1935) recurri\u00f3 a distintos heter\u00f3nimos para dar expresi\u00f3n a registros po\u00e9ticos muy diversos: Alberto Caeiro es el poeta buc\u00f3lico, entregado al goce de la naturaleza, que cuestiona el sentimentalismo, el intelectualismo y la religi\u00f3n; Ricardo Reis, el poeta humanista, que gusta del sosiego horaciano y escribe odas llenas de referencias latinas y griegas; \u00c1lvaro de Campos, el poeta vanguardista, que canta la belleza y el poder de la t\u00e9cnica. Con su nombre real firma composiciones de aliento \u00e9pico, pero tambi\u00e9n versos de ritmo popular sobre el paso del tiempo, el misterio de las cosas o el vac\u00edo de la vida.<\/em><\/p>\n<p class=\"MsoNormal\"><strong>AUTOPSICOGRAF\u00cdA<\/strong><\/p>\n<p class=\"MsoNormal\">El poeta es un fingidor.<br \/>\nFinge tan completamente<br \/>\nque hasta finge que es dolor<br \/>\nel dolor que en verdad siente.<\/p>\n<p class=\"MsoNormal\">Y, en el dolor que han le\u00eddo<br \/>\na leer sus lectores vienen,<br \/>\nno los dos que \u00e9l ha tenido,<br \/>\nsino s\u00f3lo el que no tienen.<\/p>\n<p class=\"MsoNormal\">Y as\u00ed en la v\u00eda se mete,<br \/>\ndistrayendo a la raz\u00f3n,<br \/>\ny gira, el tren de juguete<br \/>\nque se llama coraz\u00f3n.<\/p>\n<p class=\"MsoNormal\" style=\"padding-left: 30px;\"><em>Cancionero<\/em> (1909-1935), de Fernando Pessoa. Traducci\u00f3n de \u00c1ngel Crespo.<\/p>\n<p><!--more--><\/p>\n<p class=\"MsoNormal\" style=\"padding-left: 30px;\"><strong>AUTOPSICOGRAFIA<\/strong><\/p>\n<p class=\"MsoNormal\" style=\"padding-left: 30px;\">O poeta \u00e9 um fingidor.<br \/>\nFinge t\u00e3o completamente<br \/>\nQue chega a fingir que \u00e9 dor.<br \/>\nA dor que deveras sente.<\/p>\n<p class=\"MsoNormal\" style=\"padding-left: 30px;\">E os que l\u00eaem o que escreve,<br \/>\nNa dor lida sentem bem,<br \/>\nN\u00e3o as duas que ele teve,<br \/>\nMas s\u00f3 a que eles n\u00e3o t\u00eam.<\/p>\n<p class=\"MsoNormal\" style=\"padding-left: 30px;\">E assim nas calhas da roda<br \/>\nGira, a entreter a raz\u00e3o,<br \/>\nEsse comboio de corda<br \/>\nQue se chama o cora\u00e7\u00e3o.<\/p>\n<p class=\"MsoNormal\" style=\"padding-left: 90px;\"><em>Cancioneiro<\/em> (1909-1935), de Fernando Pessoa.<\/p>\n<p class=\"MsoList\"><strong>NO ME IMPORTAN LAS RIMAS&#8230;<\/strong><\/p>\n<p class=\"MsoList\">No me importan las Rimas. Raras veces<br \/>\nhay dos \u00e1rboles iguales, el uno junto al otro.<br \/>\nPienso y escribo como las flores tienen color<br \/>\npero con menos perfecci\u00f3n en mi modo de expresarme<br \/>\nporque me falta la sencillez divina<br \/>\nde ser totalmente s\u00f3lo mi exterior.<\/p>\n<p class=\"MsoList\">Miro y me conmuevo,<br \/>\nme conmuevo como el agua corre cuando el suelo est\u00e1 inclinado<br \/>\ny mi poes\u00eda es natural como el levantarse el viento.<\/p>\n<p class=\"MsoList\" style=\"padding-left: 30px; text-align: justify;\">ALBERTO CAEIRO: <em>El guardador de reba\u00f1os<\/em>, 1914. Traducci\u00f3n de Pablo del Barco.<\/p>\n<p class=\"MsoList\" style=\"padding-left: 30px;\"><strong>N\u00c3O ME IMPORTO COM AS RIMAS\u2026<\/strong><\/p>\n<p class=\"MsoList\" style=\"padding-left: 30px;\">N\u00e3o me importo com as rimas. Raras vezes<br \/>\nH\u00e1 duas \u00e1rvores iguais, uma ao lado da outra.<br \/>\nPenso e escrevo como as flores t\u00eam cor<br \/>\nMas com menos perfei\u00e7\u00e3o no meu modo de exprimir-me<br \/>\nPorque me falta a simplicidade divina<br \/>\nDe ser todo s\u00f3 o meu exterior.<\/p>\n<p class=\"MsoList\" style=\"padding-left: 30px;\">Olho e comovo-me,<br \/>\nComovo-me como a \u00e1gua corre quando o ch\u00e3o \u00e9 inclinado,<br \/>\nE a minha poesia \u00e9 natural como o levantar-se o vento&#8230;<\/p>\n<p class=\"MsoList\" style=\"padding-left: 30px;\">ALBERTO CAEIRO: <em>O Guardador de Rebanhos<\/em>, 1914.<\/p>\n<p class=\"MsoList\"><strong>LA ESPANTOSA REALIDAD DE LAS COSAS\u2026<\/strong><\/p>\n<p class=\"MsoList\">La espantosa realidad de las cosas<br \/>\nes mi diario descubrimiento.<br \/>\nCada cosa es lo que es,<br \/>\ny es dif\u00edcil explicarle a nadie c\u00f3mo me alegra esto,<br \/>\ny cu\u00e1nto me basta.<\/p>\n<p class=\"MsoList\">Basta existir para sentirse completo.<\/p>\n<p class=\"MsoList\">He escrito muchos poemas.<br \/>\nHe de escribir muchos m\u00e1s, naturalmente.<br \/>\nCada poema m\u00edo lo dice,<br \/>\ny todos mis poemas son distintos,<br \/>\nporque cada cosa es una manera de decir esto mismo.<\/p>\n<p class=\"MsoList\">A veces me pongo a mirar una piedra.<br \/>\nNo me pongo a pensar si siente.<br \/>\nNo me extrav\u00edo llam\u00e1ndole hermana m\u00eda.<br \/>\nPero me gusta por ser una piedra,<br \/>\nme gusta porque no siente nada,<br \/>\nme gusta porque no tiene ning\u00fan parentesco conmigo.<br \/>\nOtras veces oigo pasar el viento,<br \/>\ny me parece que s\u00f3lo para o\u00edr pasar el viento vale la pena haber nacido.<\/p>\n<p class=\"MsoList\">No s\u00e9 qu\u00e9 pensar\u00e1n los dem\u00e1s cuando lean esto;<br \/>\npero me parece que esto debe estar bien porque lo pienso sin esforzarme,<br \/>\nni idea de que nadie vaya a o\u00edrme pensar;<br \/>\nporque lo pienso sin pensamientos,<br \/>\nporque lo digo como lo dicen mis palabras.<\/p>\n<p class=\"MsoList\">Una vez me llamaron poeta materialista.<br \/>\nY me extra\u00f1\u00f3, porque yo no pensaba<br \/>\nque se me pudiese llamar nada.<br \/>\nYo ni siquiera soy poeta: veo.<br \/>\nSi lo que escribo tiene alg\u00fan valor, no soy yo quien lo tiene:<br \/>\nel valor est\u00e1 all\u00ed, en sus versos.<br \/>\nTodo esto es absolutamente independiente de mi voluntad.<\/p>\n<p class=\"MsoList\" style=\"padding-left: 30px; text-align: justify;\">ALBERTO CAEIRO: <em>Poemas inconjuntos<\/em>, 1915. Traducci\u00f3n de \u00c1ngel Crespo.<\/p>\n<p class=\"MsoList\" style=\"padding-left: 30px;\"><strong>A ESPANTOSA REALIDADE DAS COUSAS\u2026<\/strong><\/p>\n<p class=\"MsoList\" style=\"padding-left: 30px;\">A espantosa realidade das cousas<br \/>\n\u00c9 a minha descoberta de todos os dias.<br \/>\nCada cousa \u00e9 o que \u00e9,<br \/>\nE \u00e9 dif\u00edcil explicar a algu\u00e9m quanto isso me alegra,<br \/>\nE quanto isso me basta.<\/p>\n<p class=\"MsoList\" style=\"padding-left: 30px;\">Basta existir para se ser completo.<\/p>\n<p class=\"MsoList\" style=\"padding-left: 30px;\">Tenho escrito bastantes poemas.<br \/>\nHei de escrever muitos mais. naturalmente.<br \/>\nCada poema meu diz isto,<br \/>\nE todos os meus poemas s\u00e3o diferentes,<br \/>\nPorque cada cousa que h\u00e1 \u00e9 uma maneira de dizer isto.<\/p>\n<p class=\"MsoList\" style=\"padding-left: 30px;\">\u00c0s vezes ponho-me a olhar para uma pedra.<br \/>\nN\u00e3o me ponho a pensar se ela sente.<br \/>\nN\u00e3o me perco a chamar-lhe minha irm\u00e3.<br \/>\nMas gosto dela por ela ser uma pedra,<br \/>\nGosto dela porque ela n\u00e3o sente nada.<br \/>\nGosto dela porque ela n\u00e3o tem parentesco nenhum comigo.<br \/>\nOutras vezes oi\u00e7o passar o vento,<br \/>\nE acho que s\u00f3 para ouvir passar o vento vale a pena ter nascido.<\/p>\n<p class=\"MsoList\" style=\"padding-left: 30px;\">Eu n\u00e3o sei o que \u00e9 que os outros pensar\u00e3o lendo isto;<br \/>\nMas acho que isto deve estar bem porque o penso sem estorvo,<br \/>\nNem id\u00e9ia de outras pessoas a ouvir-me pensar;<br \/>\nPorque o penso sem pensamentos<br \/>\nPorque o digo como as minhas palavras o dizem.<\/p>\n<p class=\"MsoList\" style=\"padding-left: 30px;\">Uma vez chamaram-me poeta materialista,<br \/>\nE eu admirei-me, porque n\u00e3o julgava<br \/>\nQue se me pudesse chamar qualquer cousa.<br \/>\nEu nem sequer sou poeta: vejo.<br \/>\nSe o que escrevo tem valor, n\u00e3o sou eu que o tenho:<br \/>\nO valor est\u00e1 ali, nos meus versos.<br \/>\nTudo isso \u00e9 absolutamente independente da minha vontade.<\/p>\n<p class=\"MsoList\" style=\"padding-left: 30px;\">ALBERTO CAEIRO: <em>Poemas inconjuntos<\/em>, 1915.<\/p>\n","protected":false},"excerpt":{"rendered":"<p>Fernando Pessoa (Lisboa, 1888-1935) recurri\u00f3 a distintos heter\u00f3nimos para dar expresi\u00f3n a registros po\u00e9ticos muy diversos: Alberto Caeiro es el poeta buc\u00f3lico, entregado al goce de la naturaleza, que cuestiona el sentimentalismo, el intelectualismo y la religi\u00f3n; Ricardo Reis, el poeta humanista, que gusta del sosiego horaciano y escribe odas llenas de referencias latinas y&#8230; <\/p>\n<div class=\"read-more navbutton\"><a href=\"https:\/\/poeticas.es\/?p=522\">Leer m\u00e1s<i class=\"fa fa-angle-double-right\"><\/i><\/a><\/div>\n","protected":false},"author":1,"featured_media":0,"comment_status":"closed","ping_status":"closed","sticky":false,"template":"","format":"standard","meta":{"_exactmetrics_skip_tracking":false,"_exactmetrics_sitenote_active":false,"_exactmetrics_sitenote_note":"","_exactmetrics_sitenote_category":0,"footnotes":""},"categories":[1,87],"tags":[15],"class_list":["post-522","post","type-post","status-publish","format-standard","hentry","category-uncategorized","category-literatura-portuguesa","tag-xx"],"_links":{"self":[{"href":"https:\/\/poeticas.es\/index.php?rest_route=\/wp\/v2\/posts\/522","targetHints":{"allow":["GET"]}}],"collection":[{"href":"https:\/\/poeticas.es\/index.php?rest_route=\/wp\/v2\/posts"}],"about":[{"href":"https:\/\/poeticas.es\/index.php?rest_route=\/wp\/v2\/types\/post"}],"author":[{"embeddable":true,"href":"https:\/\/poeticas.es\/index.php?rest_route=\/wp\/v2\/users\/1"}],"replies":[{"embeddable":true,"href":"https:\/\/poeticas.es\/index.php?rest_route=%2Fwp%2Fv2%2Fcomments&post=522"}],"version-history":[{"count":4,"href":"https:\/\/poeticas.es\/index.php?rest_route=\/wp\/v2\/posts\/522\/revisions"}],"predecessor-version":[{"id":3964,"href":"https:\/\/poeticas.es\/index.php?rest_route=\/wp\/v2\/posts\/522\/revisions\/3964"}],"wp:attachment":[{"href":"https:\/\/poeticas.es\/index.php?rest_route=%2Fwp%2Fv2%2Fmedia&parent=522"}],"wp:term":[{"taxonomy":"category","embeddable":true,"href":"https:\/\/poeticas.es\/index.php?rest_route=%2Fwp%2Fv2%2Fcategories&post=522"},{"taxonomy":"post_tag","embeddable":true,"href":"https:\/\/poeticas.es\/index.php?rest_route=%2Fwp%2Fv2%2Ftags&post=522"}],"curies":[{"name":"wp","href":"https:\/\/api.w.org\/{rel}","templated":true}]}}