{"id":529,"date":"2009-02-06T16:21:42","date_gmt":"2009-02-06T16:21:42","guid":{"rendered":"http:\/\/poeticas.es\/?p=529"},"modified":"2017-09-06T15:47:25","modified_gmt":"2017-09-06T13:47:25","slug":"ildefonso-manuel-gil","status":"publish","type":"post","link":"https:\/\/poeticas.es\/?p=529","title":{"rendered":"Ildefonso Manuel Gil"},"content":{"rendered":"<p style=\"text-align: justify;\"><img loading=\"lazy\" decoding=\"async\" class=\"alignnone size-full wp-image-530\" title=\"Sin t\u00edtulo, de Cirilo Mart\u00ednez Novillo\" src=\"https:\/\/poeticas.es\/wp-content\/uploads\/2009\/02\/ildefonsomanuelgil.jpg\" alt=\"Sin t\u00edtulo, de Cirilo Mart\u00ednez Novillo\" width=\"317\" height=\"400\" srcset=\"https:\/\/poeticas.es\/wp-content\/uploads\/2009\/02\/ildefonsomanuelgil.jpg 317w, https:\/\/poeticas.es\/wp-content\/uploads\/2009\/02\/ildefonsomanuelgil-237x300.jpg 237w\" sizes=\"auto, (max-width: 317px) 100vw, 317px\" \/><\/p>\n<p style=\"text-align: justify;\"><em>La poes\u00eda del zaragozano <a href=\"http:\/\/www.cervantesvirtual.com\/bib_autor\/manuelgil\/\">Ildefonso Manuel Gil<\/a> (1912-2003), poeta adscrito al grupo de la revista <\/em>Hora de Espa\u00f1a<em>, expresa, en versos sencillos, inquietudes sociales y existenciales.<\/em><\/p>\n<p><strong>PO\u00c9TICA<\/strong><\/p>\n<p>Busqu\u00e9 siempre en mis versos<br \/>\nun humano temblor, aunque sab\u00eda<br \/>\nque los m\u00e1rmoles tersos,<br \/>\npura geometr\u00eda,<br \/>\nresisten m\u00e1s el peso de los d\u00edas.<\/p>\n<p>Pero yo soy apenas<br \/>\nesta hora que vivo intensamente;<br \/>\nel r\u00edo de mis venas<br \/>\nse aleja de su fuente<br \/>\ny se sume del tiempo en la corriente.<\/p>\n<p>Canto la pesadumbre<br \/>\ndel doliente vivir que es mi destino,<br \/>\nla loca incertidumbre<br \/>\nde ir abriendo camino<br \/>\nen soledad, a oscuras y sin tino.<\/p>\n<p>En mi voz, al hablaros,<br \/>\ncarga el dolor la fuerza de su acento,<br \/>\ny s\u00f3lo he de dejaros<br \/>\nesta angustia que siento<br \/>\nen ritmo entrecortado de lamentos.<\/p>\n<p>El hombre, viva llama,<br \/>\nque de su propio fuego es abrasado,<br \/>\nespera, sufre, clama<br \/>\ny corre desolado<br \/>\npor el terror ce\u00f1ido y acosado.<\/p>\n<p>El \u00e1ngel irascible<br \/>\nsembrador de los odios, inclemente,<br \/>\nen la tierra impasible<br \/>\nderrama su simiente,<br \/>\nque los hombres cultivan ciegamente.<\/p>\n<p>Ag\u00f3nico presencio<br \/>\nel acoso del hombre perseguido;<br \/>\nescucho en el silencio<br \/>\nsu confuso gemido<br \/>\nde dios mugiente o animal herido.<\/p>\n<p>Mi verso es as\u00ed el grito<br \/>\nque en la m\u00e1s honda entra\u00f1a me ha brotado.<br \/>\nM\u00e1s que en fr\u00edo granito,<br \/>\nquiero el nombre grabado<br \/>\nal pie de un verso en sangre sustentado.<\/p>\n<p style=\"padding-left: 30px;\"><em>Poemas de dolor antiguo<\/em>, 1945.<\/p>\n<p><!--more--><strong>COMO SALIENDO DE SU NOCHE OSCURA\u2026<\/strong><\/p>\n<p>Como saliendo de su noche oscura,<br \/>\nde su tunel de sangre adormecida,<br \/>\nsacude las entra\u00f1as embestida<br \/>\nde ciego toro, poes\u00eda pura.<br \/>\nLiberada en la red de la palabra,<br \/>\nvuelo de ra\u00edces, ala, luz,<br \/>\npulso invisible de milagro labra<br \/>\nsu corona y su cruz.<\/p>\n<p>En el goce dolido de sorpresa,<br \/>\nfun\u00e1mbulo en el borde de su abismo,<br \/>\ncumple el poeta su destino en esa<br \/>\narrogante humildad de ser \u00e9l mismo<br \/>\nmina, minero, pedernal, estrella,<br \/>\nsilencio, canto, instante, eternidad,<br \/>\nsorpresa jubilosa, honda querella,<br \/>\nencadenada libertad.<\/p>\n<p style=\"padding-left: 30px;\"><em>Poemas del tiempo y del poema<\/em>, 1973.<\/p>\n","protected":false},"excerpt":{"rendered":"<p>La poes\u00eda del zaragozano Ildefonso Manuel Gil (1912-2003), poeta adscrito al grupo de la revista Hora de Espa\u00f1a, expresa, en versos sencillos, inquietudes sociales y existenciales. PO\u00c9TICA Busqu\u00e9 siempre en mis versos un humano temblor, aunque sab\u00eda que los m\u00e1rmoles tersos, pura geometr\u00eda, resisten m\u00e1s el peso de los d\u00edas. Pero yo soy apenas esta&#8230; <\/p>\n<div class=\"read-more navbutton\"><a href=\"https:\/\/poeticas.es\/?p=529\">Leer m\u00e1s<i class=\"fa fa-angle-double-right\"><\/i><\/a><\/div>\n","protected":false},"author":1,"featured_media":0,"comment_status":"closed","ping_status":"closed","sticky":false,"template":"","format":"standard","meta":{"_exactmetrics_skip_tracking":false,"_exactmetrics_sitenote_active":false,"_exactmetrics_sitenote_note":"","_exactmetrics_sitenote_category":0,"footnotes":""},"categories":[1,28],"tags":[29,15],"class_list":["post-529","post","type-post","status-publish","format-standard","hentry","category-uncategorized","category-posguerra","tag-poesia-social","tag-xx"],"_links":{"self":[{"href":"https:\/\/poeticas.es\/index.php?rest_route=\/wp\/v2\/posts\/529","targetHints":{"allow":["GET"]}}],"collection":[{"href":"https:\/\/poeticas.es\/index.php?rest_route=\/wp\/v2\/posts"}],"about":[{"href":"https:\/\/poeticas.es\/index.php?rest_route=\/wp\/v2\/types\/post"}],"author":[{"embeddable":true,"href":"https:\/\/poeticas.es\/index.php?rest_route=\/wp\/v2\/users\/1"}],"replies":[{"embeddable":true,"href":"https:\/\/poeticas.es\/index.php?rest_route=%2Fwp%2Fv2%2Fcomments&post=529"}],"version-history":[{"count":3,"href":"https:\/\/poeticas.es\/index.php?rest_route=\/wp\/v2\/posts\/529\/revisions"}],"predecessor-version":[{"id":5284,"href":"https:\/\/poeticas.es\/index.php?rest_route=\/wp\/v2\/posts\/529\/revisions\/5284"}],"wp:attachment":[{"href":"https:\/\/poeticas.es\/index.php?rest_route=%2Fwp%2Fv2%2Fmedia&parent=529"}],"wp:term":[{"taxonomy":"category","embeddable":true,"href":"https:\/\/poeticas.es\/index.php?rest_route=%2Fwp%2Fv2%2Fcategories&post=529"},{"taxonomy":"post_tag","embeddable":true,"href":"https:\/\/poeticas.es\/index.php?rest_route=%2Fwp%2Fv2%2Ftags&post=529"}],"curies":[{"name":"wp","href":"https:\/\/api.w.org\/{rel}","templated":true}]}}