{"id":5450,"date":"2017-12-24T20:35:53","date_gmt":"2017-12-24T18:35:53","guid":{"rendered":"http:\/\/poeticas.es\/?p=5450"},"modified":"2022-10-29T16:21:42","modified_gmt":"2022-10-29T14:21:42","slug":"josefina-pla","status":"publish","type":"post","link":"https:\/\/poeticas.es\/?p=5450","title":{"rendered":"Josefina Pl\u00e1"},"content":{"rendered":"<p><img loading=\"lazy\" decoding=\"async\" class=\"alignnone size-full wp-image-5922\" src=\"https:\/\/poeticas.es\/wp-content\/uploads\/2017\/12\/pla.jpg\" alt=\"\" width=\"645\" height=\"205\" srcset=\"https:\/\/poeticas.es\/wp-content\/uploads\/2017\/12\/pla.jpg 645w, https:\/\/poeticas.es\/wp-content\/uploads\/2017\/12\/pla-300x95.jpg 300w\" sizes=\"auto, (max-width: 645px) 100vw, 645px\" \/><\/p>\n<p><em>La obra de la poeta canaria Josefina Pl\u00e1 (1909-1999) se desarrolla fundamentalmente en Asunci\u00f3n. En sus primeros versos, es visible la huella del posmodernismo. En su poes\u00eda posterior, hay notas existenciales (<\/em>El polvo enamorado<em>, 1968) y patri\u00f3ticas (<\/em>Los treinta mil ausentes<em>, 1985).<\/em><\/p>\n<p><strong>POES\u00cdA<\/strong><\/p>\n<p>Vivir la otra que soy que no fui que habr\u00eda sido<br \/>\nVivir la que ser\u00eda Morir la que a\u00fan no soy<br \/>\nDormir todos los fui despertar otro voy<br \/>\nSangrar todas las tardes que nunca me han herido<\/p>\n<p>Abrazarme la sombra cortar la ra\u00edz del grito<br \/>\nSembrar pechos en hijos que nunca me tuvieron<br \/>\nDesgranarme las l\u00e1grimas en cascarones hueros<br \/>\ny quebrarme las manos al plantar cada hito<\/p>\n<p>Eso es la poes\u00eda coraz\u00f3n hecho harapo<br \/>\npara enjugar el llanto de los remordimientos<br \/>\npor pecados que nunca se vieron cometidos<\/p>\n<p>Eso es la poes\u00eda paloma vuelta sapo<br \/>\n&#8230; Mientras se espera en sue\u00f1os que una puerta se abra<br \/>\nmorir estrangulada por la propia palabra&#8230;<\/p>\n<p style=\"padding-left: 30px;\"><em>Cambiar sue\u00f1os por sombras<\/em>, 1984.<\/p>\n","protected":false},"excerpt":{"rendered":"<p>La obra de la poeta canaria Josefina Pl\u00e1 (1909-1999) se desarrolla fundamentalmente en Asunci\u00f3n. En sus primeros versos, es visible la huella del posmodernismo. En su poes\u00eda posterior, hay notas existenciales (El polvo enamorado, 1968) y patri\u00f3ticas (Los treinta mil ausentes, 1985). POES\u00cdA Vivir la otra que soy que no fui que habr\u00eda sido Vivir&#8230; <\/p>\n<div class=\"read-more navbutton\"><a href=\"https:\/\/poeticas.es\/?p=5450\">Leer m\u00e1s<i class=\"fa fa-angle-double-right\"><\/i><\/a><\/div>\n","protected":false},"author":1,"featured_media":0,"comment_status":"closed","ping_status":"closed","sticky":false,"template":"","format":"standard","meta":{"_exactmetrics_skip_tracking":false,"_exactmetrics_sitenote_active":false,"_exactmetrics_sitenote_note":"","_exactmetrics_sitenote_category":0,"footnotes":""},"categories":[1,9,69,28],"tags":[62,15],"class_list":["post-5450","post","type-post","status-publish","format-standard","hentry","category-uncategorized","category-literatura-espanola","category-literatura-paraguaya","category-posguerra","tag-escritoras","tag-xx"],"_links":{"self":[{"href":"https:\/\/poeticas.es\/index.php?rest_route=\/wp\/v2\/posts\/5450","targetHints":{"allow":["GET"]}}],"collection":[{"href":"https:\/\/poeticas.es\/index.php?rest_route=\/wp\/v2\/posts"}],"about":[{"href":"https:\/\/poeticas.es\/index.php?rest_route=\/wp\/v2\/types\/post"}],"author":[{"embeddable":true,"href":"https:\/\/poeticas.es\/index.php?rest_route=\/wp\/v2\/users\/1"}],"replies":[{"embeddable":true,"href":"https:\/\/poeticas.es\/index.php?rest_route=%2Fwp%2Fv2%2Fcomments&post=5450"}],"version-history":[{"count":4,"href":"https:\/\/poeticas.es\/index.php?rest_route=\/wp\/v2\/posts\/5450\/revisions"}],"predecessor-version":[{"id":5923,"href":"https:\/\/poeticas.es\/index.php?rest_route=\/wp\/v2\/posts\/5450\/revisions\/5923"}],"wp:attachment":[{"href":"https:\/\/poeticas.es\/index.php?rest_route=%2Fwp%2Fv2%2Fmedia&parent=5450"}],"wp:term":[{"taxonomy":"category","embeddable":true,"href":"https:\/\/poeticas.es\/index.php?rest_route=%2Fwp%2Fv2%2Fcategories&post=5450"},{"taxonomy":"post_tag","embeddable":true,"href":"https:\/\/poeticas.es\/index.php?rest_route=%2Fwp%2Fv2%2Ftags&post=5450"}],"curies":[{"name":"wp","href":"https:\/\/api.w.org\/{rel}","templated":true}]}}