{"id":5495,"date":"2017-12-28T13:41:24","date_gmt":"2017-12-28T11:41:24","guid":{"rendered":"http:\/\/poeticas.es\/?p=5495"},"modified":"2022-10-29T16:16:11","modified_gmt":"2022-10-29T14:16:11","slug":"aurora-bernardez","status":"publish","type":"post","link":"https:\/\/poeticas.es\/?p=5495","title":{"rendered":"Aurora Bern\u00e1rdez"},"content":{"rendered":"<p><img loading=\"lazy\" decoding=\"async\" class=\"alignnone size-full wp-image-5919\" src=\"https:\/\/poeticas.es\/wp-content\/uploads\/2017\/12\/aurorab.jpg\" alt=\"\" width=\"645\" height=\"208\" srcset=\"https:\/\/poeticas.es\/wp-content\/uploads\/2017\/12\/aurorab.jpg 645w, https:\/\/poeticas.es\/wp-content\/uploads\/2017\/12\/aurorab-300x97.jpg 300w\" sizes=\"auto, (max-width: 645px) 100vw, 645px\" \/><\/p>\n<p>El libro de Aurora (2017) <em>da a conocer, tard\u00edamente, la poes\u00eda y los relatos de la argentina Aurora Bern\u00e1rdez (1920-2014), una figura de capital importancia para la cultura hisp\u00e1nica, tanto por la excelencia de sus traducciones, como por su labor como albacea literaria del que fue su marido, Julio Cort\u00e1zar. Sus versos reflexionan sobre su gran pasi\u00f3n, la literatura, y sobre las grandes incertidumbres de la vida.<\/em><\/p>\n<p><strong>LA TAREA DE ESCRIBIR<\/strong><\/p>\n<p>Llenar\u00e1s las palabras de ti mismo,<br \/>\nllenar\u00e1s las palabras de palabras,<br \/>\nllenar\u00e1s con las cosas las palabras:<br \/>\nquedan siempre vac\u00edas.<\/p>\n<p>Vaciar\u00e1s las palabras de ti mismo,<br \/>\nvaciar\u00e1s las palabras de palabras,<br \/>\nvaciar\u00e1s de las cosas las palabras:<br \/>\nqueda siempre el vac\u00edo.<\/p>\n<p>\u00bfD\u00f3nde estar\u00e1s t\u00fa mismo,<br \/>\nd\u00f3nde las cosas, d\u00f3nde las palabras?<\/p>\n<p style=\"padding-left: 30px;\">\u00abLa tarea de escribir y otros poemas\u00bb, en <em>El libro de Aurora<\/em>, 2017.<\/p>\n<p><!--more--><\/p>\n<p><strong>EL MENSAJE<\/strong><\/p>\n<p>El que se va deja su palabra;<\/p>\n<p>alguien la recoge de la p\u00e1gina,<br \/>\nse la lleva al o\u00eddo,<br \/>\noye el mar,<br \/>\nel susurro de plata de los peces<br \/>\nesquivando las algas;<\/p>\n<p>la suspende en el aire,<br \/>\nse transparenta el horizonte,<br \/>\nlas columnas de polvo vibrando<br \/>\nen el calor del \u00c1frica,<br \/>\nel v\u00e9rtice de az\u00facar del Aconcagua,<br \/>\nlas nubes blancas en el cielo de la pampa<br \/>\nsobre los caballos cimarrones;<\/p>\n<p>la apoya contra el pecho,<br \/>\noye el tam tam lejano de su coraz\u00f3n,<br \/>\nla cifra del mensaje.<\/p>\n<p style=\"padding-left: 30px;\">\u00abLa tarea de escribir y otros poemas\u00bb, en <em>El libro de Aurora<\/em>, 2017.<\/p>\n","protected":false},"excerpt":{"rendered":"<p>El libro de Aurora (2017) da a conocer, tard\u00edamente, la poes\u00eda y los relatos de la argentina Aurora Bern\u00e1rdez (1920-2014), una figura de capital importancia para la cultura hisp\u00e1nica, tanto por la excelencia de sus traducciones, como por su labor como albacea literaria del que fue su marido, Julio Cort\u00e1zar. Sus versos reflexionan sobre su&#8230; <\/p>\n<div class=\"read-more navbutton\"><a href=\"https:\/\/poeticas.es\/?p=5495\">Leer m\u00e1s<i class=\"fa fa-angle-double-right\"><\/i><\/a><\/div>\n","protected":false},"author":1,"featured_media":0,"comment_status":"closed","ping_status":"closed","sticky":false,"template":"","format":"standard","meta":{"_exactmetrics_skip_tracking":false,"_exactmetrics_sitenote_active":false,"_exactmetrics_sitenote_note":"","_exactmetrics_sitenote_category":0,"footnotes":""},"categories":[1,19],"tags":[62,15],"class_list":["post-5495","post","type-post","status-publish","format-standard","hentry","category-uncategorized","category-literatura-argentina","tag-escritoras","tag-xx"],"_links":{"self":[{"href":"https:\/\/poeticas.es\/index.php?rest_route=\/wp\/v2\/posts\/5495","targetHints":{"allow":["GET"]}}],"collection":[{"href":"https:\/\/poeticas.es\/index.php?rest_route=\/wp\/v2\/posts"}],"about":[{"href":"https:\/\/poeticas.es\/index.php?rest_route=\/wp\/v2\/types\/post"}],"author":[{"embeddable":true,"href":"https:\/\/poeticas.es\/index.php?rest_route=\/wp\/v2\/users\/1"}],"replies":[{"embeddable":true,"href":"https:\/\/poeticas.es\/index.php?rest_route=%2Fwp%2Fv2%2Fcomments&post=5495"}],"version-history":[{"count":2,"href":"https:\/\/poeticas.es\/index.php?rest_route=\/wp\/v2\/posts\/5495\/revisions"}],"predecessor-version":[{"id":5920,"href":"https:\/\/poeticas.es\/index.php?rest_route=\/wp\/v2\/posts\/5495\/revisions\/5920"}],"wp:attachment":[{"href":"https:\/\/poeticas.es\/index.php?rest_route=%2Fwp%2Fv2%2Fmedia&parent=5495"}],"wp:term":[{"taxonomy":"category","embeddable":true,"href":"https:\/\/poeticas.es\/index.php?rest_route=%2Fwp%2Fv2%2Fcategories&post=5495"},{"taxonomy":"post_tag","embeddable":true,"href":"https:\/\/poeticas.es\/index.php?rest_route=%2Fwp%2Fv2%2Ftags&post=5495"}],"curies":[{"name":"wp","href":"https:\/\/api.w.org\/{rel}","templated":true}]}}