{"id":563,"date":"2009-02-07T09:58:49","date_gmt":"2009-02-07T09:58:49","guid":{"rendered":"http:\/\/poeticas.es\/?p=563"},"modified":"2017-09-06T15:47:24","modified_gmt":"2017-09-06T13:47:24","slug":"giuseppe-ungaretti","status":"publish","type":"post","link":"https:\/\/poeticas.es\/?p=563","title":{"rendered":"Giuseppe Ungaretti"},"content":{"rendered":"<p class=\"MsoList\" style=\"text-align: justify;\"><img loading=\"lazy\" decoding=\"async\" class=\"alignnone size-full wp-image-566\" title=\"La espera en el jard\u00edn, de Alberto Magnelli\" src=\"https:\/\/poeticas.es\/wp-content\/uploads\/2009\/02\/giuseppeungaretti.jpg\" alt=\"La espera en el jard\u00edn, de Alberto Magnelli\" width=\"260\" height=\"359\" srcset=\"https:\/\/poeticas.es\/wp-content\/uploads\/2009\/02\/giuseppeungaretti.jpg 260w, https:\/\/poeticas.es\/wp-content\/uploads\/2009\/02\/giuseppeungaretti-217x300.jpg 217w\" sizes=\"auto, (max-width: 260px) 100vw, 260px\" \/><\/p>\n<p class=\"MsoList\" style=\"text-align: justify;\"><em>Giuseppe Ungaretti, poeta italiano nacido en Alejandr\u00eda (1888-1970), fue uno de los iniciadores del <\/em>hermetismo<em>. Tras la guerra, su poes\u00eda se vuelve m\u00e1s reflexiva y profundiza en la dram\u00e1tica condici\u00f3n del hombre. En sus \u00faltimos libros, se esfuerza por recuperar la tradici\u00f3n l\u00edrica italiana. Su obra completa se public\u00f3 en 1977 con el t\u00edtulo de <\/em>Vida de un hombre<em>.<\/em><\/p>\n<p class=\"MsoList\"><strong>POES\u00cdA<\/strong><\/p>\n<p class=\"MsoList\">Los d\u00edas y las noches<br \/>\ntocan<br \/>\nen mis nervios<br \/>\nde arpa<\/p>\n<p class=\"MsoList\">vivo de mi alegr\u00eda<br \/>\nenferma de universo<br \/>\ny sufro<br \/>\npor no saberla<br \/>\nencender<br \/>\nen mis<br \/>\npalabras.<\/p>\n<h6 class=\"peque\" style=\"padding-left: 30px;\"><em>Sagrado, 28 de noviembre de 1916<\/em><\/h6>\n<p class=\"MsoList\" style=\"padding-left: 30px; text-align: justify;\"><em>Vida de un hombre<\/em>, 1977. \u00abPoes\u00edas dispersas\u00bb. Traducci\u00f3n de Giovanni Cantieri.<\/p>\n<p><!--more--><\/p>\n<p class=\"MsoList\" style=\"padding-left: 30px;\"><strong>POESIA <\/strong><\/p>\n<p class=\"MsoList\" style=\"padding-left: 30px;\"><span lang=\"IT\">I giorni e le notti<br \/>\nsuonano<br \/>\nin questi miei nervi<br \/>\ndi arpa<\/span><\/p>\n<p class=\"MsoList\" style=\"padding-left: 30px;\"><span lang=\"IT\">vivo di questa gioia<br \/>\nmalata di universo<br \/>\ne soffro<br \/>\ndi non saperla<br \/>\naccendere<br \/>\nnelle mie parole.<\/span><\/p>\n<h6 class=\"peque\" style=\"padding-left: 60px;\">Sagrado il 28 novembre 1916<\/h6>\n<p class=\"MsoList\" style=\"padding-left: 60px;\"><em><span lang=\"IT\">Vita d\u2019un uomo<\/span><\/em><span lang=\"IT\">, 1977. \u00abPoesie disperse\u00bb.<\/span><\/p>\n<p class=\"MsoList\"><strong>ESTOY ENFERMO<\/strong><\/p>\n<p class=\"MsoList\">La melancol\u00eda<br \/>\nme macera<\/p>\n<p class=\"MsoList\">La poes\u00eda<br \/>\nme sangra<br \/>\nel cuerpo desangrado.<\/p>\n<h6 class=\"peque\" style=\"padding-left: 30px;\"><em>Vallone, 20 de abril de 1917<\/em><\/h6>\n<p class=\"MsoList\" style=\"padding-left: 30px; text-align: justify;\"><em>Vida de un hombre<\/em>, 1977. <span lang=\"IT\">\u00abPoes\u00edas dispersas\u00bb. Traducci\u00f3n de Giovanni Cantieri.<\/span><\/p>\n<p class=\"MsoList\" style=\"padding-left: 30px;\"><strong><span lang=\"IT\">SONO MALATO<\/span><\/strong><\/p>\n<p class=\"MsoList\" style=\"padding-left: 30px;\"><span lang=\"IT\">La malinconia<br \/>\nmi macera<\/span><\/p>\n<p class=\"MsoList\" style=\"padding-left: 30px;\"><span lang=\"IT\">Il corpo dissanguato<br \/>\nmi dissangua<br \/>\nla poesia<\/span><\/p>\n<h6 class=\"peque\" style=\"padding-left: 30px;\"><em><span lang=\"IT\">Vallone il 20 aprile 1917<\/span><\/em><\/h6>\n<p class=\"MsoList\" style=\"padding-left: 30px;\"><em><span lang=\"IT\">Vita d\u2019un uomo<\/span><\/em><span lang=\"IT\">, 1977. <\/span>\u00abPoesie disperse\u00bb.<\/p>\n","protected":false},"excerpt":{"rendered":"<p>Giuseppe Ungaretti, poeta italiano nacido en Alejandr\u00eda (1888-1970), fue uno de los iniciadores del hermetismo. Tras la guerra, su poes\u00eda se vuelve m\u00e1s reflexiva y profundiza en la dram\u00e1tica condici\u00f3n del hombre. En sus \u00faltimos libros, se esfuerza por recuperar la tradici\u00f3n l\u00edrica italiana. Su obra completa se public\u00f3 en 1977 con el t\u00edtulo de&#8230; <\/p>\n<div class=\"read-more navbutton\"><a href=\"https:\/\/poeticas.es\/?p=563\">Leer m\u00e1s<i class=\"fa fa-angle-double-right\"><\/i><\/a><\/div>\n","protected":false},"author":1,"featured_media":0,"comment_status":"closed","ping_status":"closed","sticky":false,"template":"","format":"standard","meta":{"_exactmetrics_skip_tracking":false,"_exactmetrics_sitenote_active":false,"_exactmetrics_sitenote_note":"","_exactmetrics_sitenote_category":0,"footnotes":""},"categories":[1,7],"tags":[113,15],"class_list":["post-563","post","type-post","status-publish","format-standard","hentry","category-uncategorized","category-literatura-italiana","tag-hermetismo","tag-xx"],"_links":{"self":[{"href":"https:\/\/poeticas.es\/index.php?rest_route=\/wp\/v2\/posts\/563","targetHints":{"allow":["GET"]}}],"collection":[{"href":"https:\/\/poeticas.es\/index.php?rest_route=\/wp\/v2\/posts"}],"about":[{"href":"https:\/\/poeticas.es\/index.php?rest_route=\/wp\/v2\/types\/post"}],"author":[{"embeddable":true,"href":"https:\/\/poeticas.es\/index.php?rest_route=\/wp\/v2\/users\/1"}],"replies":[{"embeddable":true,"href":"https:\/\/poeticas.es\/index.php?rest_route=%2Fwp%2Fv2%2Fcomments&post=563"}],"version-history":[{"count":7,"href":"https:\/\/poeticas.es\/index.php?rest_route=\/wp\/v2\/posts\/563\/revisions"}],"predecessor-version":[{"id":5280,"href":"https:\/\/poeticas.es\/index.php?rest_route=\/wp\/v2\/posts\/563\/revisions\/5280"}],"wp:attachment":[{"href":"https:\/\/poeticas.es\/index.php?rest_route=%2Fwp%2Fv2%2Fmedia&parent=563"}],"wp:term":[{"taxonomy":"category","embeddable":true,"href":"https:\/\/poeticas.es\/index.php?rest_route=%2Fwp%2Fv2%2Fcategories&post=563"},{"taxonomy":"post_tag","embeddable":true,"href":"https:\/\/poeticas.es\/index.php?rest_route=%2Fwp%2Fv2%2Ftags&post=563"}],"curies":[{"name":"wp","href":"https:\/\/api.w.org\/{rel}","templated":true}]}}