{"id":5801,"date":"2022-10-05T18:15:14","date_gmt":"2022-10-05T16:15:14","guid":{"rendered":"https:\/\/poeticas.es\/?p=5801"},"modified":"2022-10-05T18:15:14","modified_gmt":"2022-10-05T16:15:14","slug":"susana-march","status":"publish","type":"post","link":"https:\/\/poeticas.es\/?p=5801","title":{"rendered":"Susana March"},"content":{"rendered":"<p><img loading=\"lazy\" decoding=\"async\" class=\"alignnone size-full wp-image-5802\" src=\"https:\/\/poeticas.es\/wp-content\/uploads\/2022\/10\/SUSANA.jpg\" alt=\"\" width=\"644\" height=\"205\" srcset=\"https:\/\/poeticas.es\/wp-content\/uploads\/2022\/10\/SUSANA.jpg 644w, https:\/\/poeticas.es\/wp-content\/uploads\/2022\/10\/SUSANA-300x95.jpg 300w\" sizes=\"auto, (max-width: 644px) 100vw, 644px\" \/><\/p>\n<p><em>Aunque se muestra permeable a las distintas tendencias po\u00e9ticas que se suceden durante la posguerra, predomina en la poes\u00eda de Susana March (Barcelona, 1915-1990) una l\u00ednea intimista de introspecci\u00f3n de tono existencialista. Sus versos evidencian cierta predilecci\u00f3n por los s\u00edmbolos de estirpe rom\u00e1ntica y por formas m\u00e9tricas tradicionales.<\/em><\/p>\n<p><strong>INQUIETUDES<\/strong><\/p>\n<p>Versos, sue\u00f1os, poes\u00eda&#8230;<br \/>\n\u00bfPara qu\u00e9? Nada me han dado,<br \/>\ne igualmente me han dejado<br \/>\ncon mi atroz melancol\u00eda.<\/p>\n<p>He so\u00f1ado. El alma m\u00eda<br \/>\ndulcemente ha caminado<br \/>\npor un pa\u00eds encantado<br \/>\nlleno de luz y armon\u00eda.<\/p>\n<p>Y me encuentro ahora que estoy<br \/>\nsin saber a donde voy&#8230;<br \/>\n\u00a1Entre dos mundos perdida!<\/p>\n<p>Ignorando si en mi suerte<br \/>\nme espera al llegar la Muerte<br \/>\no voy en pos de la Vida.<\/p>\n<p style=\"padding-left: 40px;\"><em>Rutas,<\/em> 1938.<\/p>\n","protected":false},"excerpt":{"rendered":"<p>Aunque se muestra permeable a las distintas tendencias po\u00e9ticas que se suceden durante la posguerra, predomina en la poes\u00eda de Susana March (Barcelona, 1915-1990) una l\u00ednea intimista de introspecci\u00f3n de tono existencialista. Sus versos evidencian cierta predilecci\u00f3n por los s\u00edmbolos de estirpe rom\u00e1ntica y por formas m\u00e9tricas tradicionales. INQUIETUDES Versos, sue\u00f1os, poes\u00eda&#8230; \u00bfPara qu\u00e9? Nada&#8230; <\/p>\n<div class=\"read-more navbutton\"><a href=\"https:\/\/poeticas.es\/?p=5801\">Leer m\u00e1s<i class=\"fa fa-angle-double-right\"><\/i><\/a><\/div>\n","protected":false},"author":1,"featured_media":0,"comment_status":"closed","ping_status":"closed","sticky":false,"template":"","format":"standard","meta":{"_exactmetrics_skip_tracking":false,"_exactmetrics_sitenote_active":false,"_exactmetrics_sitenote_note":"","_exactmetrics_sitenote_category":0,"footnotes":""},"categories":[1,28],"tags":[62,15],"class_list":["post-5801","post","type-post","status-publish","format-standard","hentry","category-uncategorized","category-posguerra","tag-escritoras","tag-xx"],"_links":{"self":[{"href":"https:\/\/poeticas.es\/index.php?rest_route=\/wp\/v2\/posts\/5801","targetHints":{"allow":["GET"]}}],"collection":[{"href":"https:\/\/poeticas.es\/index.php?rest_route=\/wp\/v2\/posts"}],"about":[{"href":"https:\/\/poeticas.es\/index.php?rest_route=\/wp\/v2\/types\/post"}],"author":[{"embeddable":true,"href":"https:\/\/poeticas.es\/index.php?rest_route=\/wp\/v2\/users\/1"}],"replies":[{"embeddable":true,"href":"https:\/\/poeticas.es\/index.php?rest_route=%2Fwp%2Fv2%2Fcomments&post=5801"}],"version-history":[{"count":1,"href":"https:\/\/poeticas.es\/index.php?rest_route=\/wp\/v2\/posts\/5801\/revisions"}],"predecessor-version":[{"id":5803,"href":"https:\/\/poeticas.es\/index.php?rest_route=\/wp\/v2\/posts\/5801\/revisions\/5803"}],"wp:attachment":[{"href":"https:\/\/poeticas.es\/index.php?rest_route=%2Fwp%2Fv2%2Fmedia&parent=5801"}],"wp:term":[{"taxonomy":"category","embeddable":true,"href":"https:\/\/poeticas.es\/index.php?rest_route=%2Fwp%2Fv2%2Fcategories&post=5801"},{"taxonomy":"post_tag","embeddable":true,"href":"https:\/\/poeticas.es\/index.php?rest_route=%2Fwp%2Fv2%2Ftags&post=5801"}],"curies":[{"name":"wp","href":"https:\/\/api.w.org\/{rel}","templated":true}]}}