{"id":5905,"date":"2022-10-27T17:45:44","date_gmt":"2022-10-27T15:45:44","guid":{"rendered":"https:\/\/poeticas.es\/?p=5905"},"modified":"2022-10-27T17:45:44","modified_gmt":"2022-10-27T15:45:44","slug":"julia-de-burgos","status":"publish","type":"post","link":"https:\/\/poeticas.es\/?p=5905","title":{"rendered":"Julia de Burgos"},"content":{"rendered":"<p><img loading=\"lazy\" decoding=\"async\" class=\"alignnone size-full wp-image-5906\" src=\"https:\/\/poeticas.es\/wp-content\/uploads\/2022\/10\/burgos.jpg\" alt=\"\" width=\"645\" height=\"206\" srcset=\"https:\/\/poeticas.es\/wp-content\/uploads\/2022\/10\/burgos.jpg 645w, https:\/\/poeticas.es\/wp-content\/uploads\/2022\/10\/burgos-300x96.jpg 300w\" sizes=\"auto, (max-width: 645px) 100vw, 645px\" \/><\/p>\n<p><em>La poes\u00eda de Julia de Burgos (Puerto Rico, 1914-1953) explora, en su vertiente m\u00e1s pol\u00edtica, asuntos como el pasado colonial de Puerto Rico, el legado de la esclavitud y el imperialismo estadounidense. En el resto de su producci\u00f3n predomina el reconocimiento del valor de la inspiraci\u00f3n po\u00e9tica, la defensa del pensamiento femenino y la deconstrucci\u00f3n de paradigmas paternalistas.<\/em><\/p>\n<p><strong>CANCI\u00d3N AMARGA<\/strong><\/p>\n<p>Nada turba mi ser, pero estoy triste.<br \/>\nAlgo lento de sombra me golpea,<br \/>\naunque casi detr\u00e1s de esta agon\u00eda,<br \/>\nhe tenido en mi mano las estrellas.<\/p>\n<p>Debe ser la caricia de lo in\u00fatil,<br \/>\nla tristeza sin fin de ser poeta,<br \/>\nde cantar y cantar, sin que se rompa<br \/>\nla tragedia sin par de la existencia.<\/p>\n<p>Ser y no querer ser\u2026 esa es la divisa,<br \/>\nla batalla que agota toda espera,<br \/>\nencontrarse, ya el alma moribunda,<br \/>\nque en el m\u00edsero cuerpo a\u00fan quedan fuerzas.<\/p>\n<p>\u00a1Perd\u00f3name, oh amor, si no te nombro!<br \/>\nFuera de tu canci\u00f3n soy ala seca.<br \/>\nLa muerte y yo dormimos juntamente\u2026<br \/>\nCantarte a ti, tan solo, me despierta.<\/p>\n<p style=\"padding-left: 40px;\"><em>El mar y t\u00fa<\/em>, 1954, p\u00f3stumo.<\/p>\n","protected":false},"excerpt":{"rendered":"<p>La poes\u00eda de Julia de Burgos (Puerto Rico, 1914-1953) explora, en su vertiente m\u00e1s pol\u00edtica, asuntos como el pasado colonial de Puerto Rico, el legado de la esclavitud y el imperialismo estadounidense. En el resto de su producci\u00f3n predomina el reconocimiento del valor de la inspiraci\u00f3n po\u00e9tica, la defensa del pensamiento femenino y la deconstrucci\u00f3n&#8230; <\/p>\n<div class=\"read-more navbutton\"><a href=\"https:\/\/poeticas.es\/?p=5905\">Leer m\u00e1s<i class=\"fa fa-angle-double-right\"><\/i><\/a><\/div>\n","protected":false},"author":1,"featured_media":0,"comment_status":"closed","ping_status":"closed","sticky":false,"template":"","format":"standard","meta":{"_exactmetrics_skip_tracking":false,"_exactmetrics_sitenote_active":false,"_exactmetrics_sitenote_note":"","_exactmetrics_sitenote_category":0,"footnotes":""},"categories":[1,63],"tags":[62,15],"class_list":["post-5905","post","type-post","status-publish","format-standard","hentry","category-uncategorized","category-literatura-puertorriquena","tag-escritoras","tag-xx"],"_links":{"self":[{"href":"https:\/\/poeticas.es\/index.php?rest_route=\/wp\/v2\/posts\/5905","targetHints":{"allow":["GET"]}}],"collection":[{"href":"https:\/\/poeticas.es\/index.php?rest_route=\/wp\/v2\/posts"}],"about":[{"href":"https:\/\/poeticas.es\/index.php?rest_route=\/wp\/v2\/types\/post"}],"author":[{"embeddable":true,"href":"https:\/\/poeticas.es\/index.php?rest_route=\/wp\/v2\/users\/1"}],"replies":[{"embeddable":true,"href":"https:\/\/poeticas.es\/index.php?rest_route=%2Fwp%2Fv2%2Fcomments&post=5905"}],"version-history":[{"count":1,"href":"https:\/\/poeticas.es\/index.php?rest_route=\/wp\/v2\/posts\/5905\/revisions"}],"predecessor-version":[{"id":5907,"href":"https:\/\/poeticas.es\/index.php?rest_route=\/wp\/v2\/posts\/5905\/revisions\/5907"}],"wp:attachment":[{"href":"https:\/\/poeticas.es\/index.php?rest_route=%2Fwp%2Fv2%2Fmedia&parent=5905"}],"wp:term":[{"taxonomy":"category","embeddable":true,"href":"https:\/\/poeticas.es\/index.php?rest_route=%2Fwp%2Fv2%2Fcategories&post=5905"},{"taxonomy":"post_tag","embeddable":true,"href":"https:\/\/poeticas.es\/index.php?rest_route=%2Fwp%2Fv2%2Ftags&post=5905"}],"curies":[{"name":"wp","href":"https:\/\/api.w.org\/{rel}","templated":true}]}}