{"id":5965,"date":"2023-03-27T19:49:54","date_gmt":"2023-03-27T17:49:54","guid":{"rendered":"https:\/\/poeticas.es\/?p=5965"},"modified":"2023-03-27T19:49:54","modified_gmt":"2023-03-27T17:49:54","slug":"jose-teruel","status":"publish","type":"post","link":"https:\/\/poeticas.es\/?p=5965","title":{"rendered":"Jos\u00e9 Teruel"},"content":{"rendered":"<p><img loading=\"lazy\" decoding=\"async\" class=\"alignnone size-full wp-image-5966\" src=\"https:\/\/poeticas.es\/wp-content\/uploads\/2022\/11\/jteruel.jpg\" alt=\"\" width=\"645\" height=\"207\" srcset=\"https:\/\/poeticas.es\/wp-content\/uploads\/2022\/11\/jteruel.jpg 645w, https:\/\/poeticas.es\/wp-content\/uploads\/2022\/11\/jteruel-300x96.jpg 300w\" sizes=\"auto, (max-width: 645px) 100vw, 645px\" \/><\/p>\n<p><em>La poes\u00eda de <a href=\"http:\/\/www.joseteruel.es\/\">Jos\u00e9 Teruel<\/a> (Melilla, 1959) hunde sus ra\u00edces en la poes\u00eda m\u00edstica y en la tradici\u00f3n simbolista. Su lenguaje, esencial, es una meditaci\u00f3n, depurada de toda an\u00e9cdota, sobre el deseo, la ausencia o el tiempo.<\/em><\/p>\n<p><strong>\u00cdNCIPIT<\/strong><\/p>\n<p>El verbo cuando adviene<br \/>\nes el lugar donde solo acontece,<br \/>\nel jard\u00edn de granados<br \/>\nque cerca lo indecible.<br \/>\nNo sabemos de qu\u00e9 palabra<br \/>\nhemos nacido, envite oscuro<br \/>\nque emerge a tientas,<br \/>\nen el borde sumido de la luz.<br \/>\nDe esta letan\u00eda de voces<br \/>\npor una casa hoy deshabitada,<br \/>\nquiero rescatar la mara\u00f1a in\u00e9dita<br \/>\nque nuestros cuerpos alojaron,<br \/>\nel estado de gracia<br \/>\nanterior a cualquier plegaria.<\/p>\n<p style=\"padding-left: 40px;\"><em>Vertical de ausencia<\/em>, 2021.<\/p>\n<p><!--more--><\/p>\n<p><strong>LA SOLEDAD DE LOS NOMBRES<\/strong><\/p>\n<p>Hay un verso abandonado que busco<br \/>\nen la luz ya vencida de la tarde.<br \/>\nLos nombres encerrados en la letra<br \/>\nse han quedado solos.<br \/>\nLas cosas que nombraban se han marchado,<br \/>\nextraviadas por el aire, me ata\u00f1e buscarlas.<\/p>\n<p style=\"padding-left: 40px;\"><em>Vertical de ausencia<\/em>, 2021.<\/p>\n","protected":false},"excerpt":{"rendered":"<p>La poes\u00eda de Jos\u00e9 Teruel (Melilla, 1959) hunde sus ra\u00edces en la poes\u00eda m\u00edstica y en la tradici\u00f3n simbolista. Su lenguaje, esencial, es una meditaci\u00f3n, depurada de toda an\u00e9cdota, sobre el deseo, la ausencia o el tiempo. \u00cdNCIPIT El verbo cuando adviene es el lugar donde solo acontece, el jard\u00edn de granados que cerca lo&#8230; <\/p>\n<div class=\"read-more navbutton\"><a href=\"https:\/\/poeticas.es\/?p=5965\">Leer m\u00e1s<i class=\"fa fa-angle-double-right\"><\/i><\/a><\/div>\n","protected":false},"author":1,"featured_media":0,"comment_status":"closed","ping_status":"closed","sticky":false,"template":"","format":"standard","meta":{"_exactmetrics_skip_tracking":false,"_exactmetrics_sitenote_active":false,"_exactmetrics_sitenote_note":"","_exactmetrics_sitenote_category":0,"footnotes":""},"categories":[1,13],"tags":[15,36],"class_list":["post-5965","post","type-post","status-publish","format-standard","hentry","category-uncategorized","category-contemporaneos","tag-xx","tag-xxi"],"_links":{"self":[{"href":"https:\/\/poeticas.es\/index.php?rest_route=\/wp\/v2\/posts\/5965","targetHints":{"allow":["GET"]}}],"collection":[{"href":"https:\/\/poeticas.es\/index.php?rest_route=\/wp\/v2\/posts"}],"about":[{"href":"https:\/\/poeticas.es\/index.php?rest_route=\/wp\/v2\/types\/post"}],"author":[{"embeddable":true,"href":"https:\/\/poeticas.es\/index.php?rest_route=\/wp\/v2\/users\/1"}],"replies":[{"embeddable":true,"href":"https:\/\/poeticas.es\/index.php?rest_route=%2Fwp%2Fv2%2Fcomments&post=5965"}],"version-history":[{"count":2,"href":"https:\/\/poeticas.es\/index.php?rest_route=\/wp\/v2\/posts\/5965\/revisions"}],"predecessor-version":[{"id":5986,"href":"https:\/\/poeticas.es\/index.php?rest_route=\/wp\/v2\/posts\/5965\/revisions\/5986"}],"wp:attachment":[{"href":"https:\/\/poeticas.es\/index.php?rest_route=%2Fwp%2Fv2%2Fmedia&parent=5965"}],"wp:term":[{"taxonomy":"category","embeddable":true,"href":"https:\/\/poeticas.es\/index.php?rest_route=%2Fwp%2Fv2%2Fcategories&post=5965"},{"taxonomy":"post_tag","embeddable":true,"href":"https:\/\/poeticas.es\/index.php?rest_route=%2Fwp%2Fv2%2Ftags&post=5965"}],"curies":[{"name":"wp","href":"https:\/\/api.w.org\/{rel}","templated":true}]}}