{"id":616,"date":"2009-02-07T21:53:23","date_gmt":"2009-02-07T21:53:23","guid":{"rendered":"http:\/\/poeticas.es\/?p=616"},"modified":"2017-10-31T20:13:05","modified_gmt":"2017-10-31T18:13:05","slug":"juan-nicasio-gallego","status":"publish","type":"post","link":"https:\/\/poeticas.es\/?p=616","title":{"rendered":"Juan Nicasio Gallego"},"content":{"rendered":"<p><img loading=\"lazy\" decoding=\"async\" class=\"alignnone size-full wp-image-3322\" title=\"Muerte de Viriato, de Jos\u00e9 de Madrazo\" src=\"https:\/\/poeticas.es\/wp-content\/uploads\/2009\/02\/juannicasiogallego2.jpg\" alt=\"Muerte de Viriato, de Jos\u00e9 de Madrazo\" width=\"468\" height=\"311\" srcset=\"https:\/\/poeticas.es\/wp-content\/uploads\/2009\/02\/juannicasiogallego2.jpg 520w, https:\/\/poeticas.es\/wp-content\/uploads\/2009\/02\/juannicasiogallego2-300x199.jpg 300w\" sizes=\"auto, (max-width: 468px) 100vw, 468px\" \/><\/p>\n<p class=\"MsoList\" style=\"text-align: justify;\"><em>El zamorano Juan Nicasio Gallego (1777-1853) es uno de los representantes de la poes\u00eda civil liberal de origen ilustrado, clave en la transici\u00f3n entre Neoclasicismo y Romanticismo.<\/em><\/p>\n<p class=\"MsoList\"><strong>A MI CARAMILLO<\/strong><\/p>\n<p>R\u00f3mpase ya la m\u00edsera flautilla,<br \/>\nque entonando de amor tiernos cantares,<br \/>\nsi no aplac\u00f3 su voz soberbios mares,<br \/>\nsupo alegrar los campos de Castilla.<\/p>\n<p>En son festivo el Tormes a su orilla<br \/>\nsonar la oy\u00f3 sin sustos ni pesares,<br \/>\ny hora escucha sus quejas Manzanares,<br \/>\ny el llanto ve correr por mi mejilla.<\/p>\n<p>Mas si cantar de aqu\u00e9lla solo sabe,<br \/>\nque ya no osa nombrar el labio m\u00edo,<br \/>\nla belleza gentil, los garzos ojos;<\/p>\n<p>como mi dicha y mi esperanza, acabe,<br \/>\ny envueltos con mis l\u00e1grimas el r\u00edo<br \/>\nlance al Tajo profundo sus despojos.<\/p>\n<p class=\"MsoList\" style=\"padding-left: 30px;\">1808. <em>Obras po\u00e9ticas<\/em>, 1854.<\/p>\n<p><!--more--><\/p>\n<p class=\"MsoList\"><strong>RECETA<\/strong><\/p>\n<p class=\"MsoList\">Toma dos versos de cinco s\u00edlabas,<br \/>\nde aquellos mismos que el buen Iriarte<br \/>\nhizo en su f\u00e1bula lagartijera.<br \/>\nForma de entrambos un solo verso,<br \/>\ny esto rep\u00edtelo seg\u00fan te plazca.<br \/>\nMezcla si quieres, que es f\u00e1cil cosa,<br \/>\nalg\u00fan esdr\u00fajulo de cuando en cuando;<br \/>\ncon esto s\u00f3lo, sin m\u00e1s fatiga,<br \/>\nhar\u00e1s a cientos versos magn\u00edficos,<br \/>\ncomo \u00e9stos m\u00edos que est\u00e1s leyendo.<br \/>\nAs\u00ed alg\u00fan d\u00eda los sabios todos,<br \/>\nlos Hermosillas del siglo pr\u00f3ximo,<br \/>\ndar\u00e1n elogios al divino invento,<br \/>\nora diciendo que son hex\u00e1metros<br \/>\no asclepiadeos, ora que aumentas<br \/>\ncon nueva cuerda la patria lira,<br \/>\nno hallando en C\u00f3rdoba laurel bastante<br \/>\ncon que enramarte las doctas sienes.<\/p>\n<p class=\"MsoList\" style=\"padding-left: 30px;\">1840. <em>Obras po\u00e9ticas<\/em>, 1854.<\/p>\n","protected":false},"excerpt":{"rendered":"<p>El zamorano Juan Nicasio Gallego (1777-1853) es uno de los representantes de la poes\u00eda civil liberal de origen ilustrado, clave en la transici\u00f3n entre Neoclasicismo y Romanticismo. A MI CARAMILLO R\u00f3mpase ya la m\u00edsera flautilla, que entonando de amor tiernos cantares, si no aplac\u00f3 su voz soberbios mares, supo alegrar los campos de Castilla. En&#8230; <\/p>\n<div class=\"read-more navbutton\"><a href=\"https:\/\/poeticas.es\/?p=616\">Leer m\u00e1s<i class=\"fa fa-angle-double-right\"><\/i><\/a><\/div>\n","protected":false},"author":1,"featured_media":0,"comment_status":"closed","ping_status":"closed","sticky":false,"template":"","format":"standard","meta":{"_exactmetrics_skip_tracking":false,"_exactmetrics_sitenote_active":false,"_exactmetrics_sitenote_note":"","_exactmetrics_sitenote_category":0,"footnotes":""},"categories":[1,48],"tags":[85,38],"class_list":["post-616","post","type-post","status-publish","format-standard","hentry","category-uncategorized","category-romanticismo-realismo","tag-romanticismo","tag-xix"],"_links":{"self":[{"href":"https:\/\/poeticas.es\/index.php?rest_route=\/wp\/v2\/posts\/616","targetHints":{"allow":["GET"]}}],"collection":[{"href":"https:\/\/poeticas.es\/index.php?rest_route=\/wp\/v2\/posts"}],"about":[{"href":"https:\/\/poeticas.es\/index.php?rest_route=\/wp\/v2\/types\/post"}],"author":[{"embeddable":true,"href":"https:\/\/poeticas.es\/index.php?rest_route=\/wp\/v2\/users\/1"}],"replies":[{"embeddable":true,"href":"https:\/\/poeticas.es\/index.php?rest_route=%2Fwp%2Fv2%2Fcomments&post=616"}],"version-history":[{"count":7,"href":"https:\/\/poeticas.es\/index.php?rest_route=\/wp\/v2\/posts\/616\/revisions"}],"predecessor-version":[{"id":5423,"href":"https:\/\/poeticas.es\/index.php?rest_route=\/wp\/v2\/posts\/616\/revisions\/5423"}],"wp:attachment":[{"href":"https:\/\/poeticas.es\/index.php?rest_route=%2Fwp%2Fv2%2Fmedia&parent=616"}],"wp:term":[{"taxonomy":"category","embeddable":true,"href":"https:\/\/poeticas.es\/index.php?rest_route=%2Fwp%2Fv2%2Fcategories&post=616"},{"taxonomy":"post_tag","embeddable":true,"href":"https:\/\/poeticas.es\/index.php?rest_route=%2Fwp%2Fv2%2Ftags&post=616"}],"curies":[{"name":"wp","href":"https:\/\/api.w.org\/{rel}","templated":true}]}}