{"id":668,"date":"2009-02-08T15:18:49","date_gmt":"2009-02-08T15:18:49","guid":{"rendered":"http:\/\/poeticas.es\/?p=668"},"modified":"2023-08-26T23:47:04","modified_gmt":"2023-08-26T21:47:04","slug":"karmelo-iribarren","status":"publish","type":"post","link":"https:\/\/poeticas.es\/?p=668","title":{"rendered":"Karmelo C. Iribarren"},"content":{"rendered":"<p><img loading=\"lazy\" decoding=\"async\" class=\"alignnone size-full wp-image-6112\" src=\"https:\/\/poeticas.es\/wp-content\/uploads\/2009\/02\/karmeloCiribarren.png\" alt=\"\" width=\"638\" height=\"204\" srcset=\"https:\/\/poeticas.es\/wp-content\/uploads\/2009\/02\/karmeloCiribarren.png 638w, https:\/\/poeticas.es\/wp-content\/uploads\/2009\/02\/karmeloCiribarren-300x96.png 300w\" sizes=\"auto, (max-width: 638px) 100vw, 638px\" \/><\/p>\n<p class=\"MsoNormal\" style=\"text-align: justify;\"><em>La poes\u00eda de Karmelo C. Iribarren (San Sebasti\u00e1n, 1959), realista y coloquial, trata sobre las escenas de la vida cotidiana, sobre las preocupaciones de un sujeto po\u00e9tico ante el sexo y el amor, la edad, la aceptaci\u00f3n de un mundo y una sociedad mal hechos.<\/em><\/p>\n<p class=\"MsoNormal\"><strong>LA FUNCI\u00d3N DE LA POES\u00cdA<\/strong><\/p>\n<p class=\"MsoNormal\">La funci\u00f3n<br \/>\nde la poes\u00eda<br \/>\nen nuestra sociedad,<br \/>\nha sido el tema estrella<br \/>\n(durante un par de d\u00edas)<br \/>\nen simposios, mesas orondas<br \/>\ny dem\u00e1s zarandajas,<br \/>\na cargo<br \/>\nde eminencias con-<br \/>\ntrastadas<br \/>\nen el manejo de las lenguas.<\/p>\n<p class=\"MsoNormal\">Parece ser<br \/>\nque les ha hecho<br \/>\nbuen tiempo,<br \/>\ny que no ha habido<br \/>\nheridos de importancia.<\/p>\n<p class=\"MsoNormal\" style=\"padding-left: 30px;\"><em>La condici\u00f3n urbana<\/em>, 1995.<\/p>\n<p><!--more--><\/p>\n<p class=\"MsoNormal\"><strong>TAMBI\u00c9N PUEDES LEERLO<\/strong><\/p>\n<p class=\"MsoNormal\">Un poema como \u00e9ste<br \/>\npuede servirte<br \/>\n\u2013entre otras muchas cosas\u2013<br \/>\npara probarte en la papiroflexia,<br \/>\no anotar un tel\u00e9fono<br \/>\nde urgencias,<br \/>\no, en casos muy extremos,<br \/>\nlimpiarte lo mayor.<br \/>\nPerra suerte, dir\u00e1s. Y estoy<br \/>\ncontigo en eso. La misma<br \/>\nque han corrido<br \/>\na trav\u00e9s de los a\u00f1os<br \/>\nlos cuartetos de Eliot, por ejemplo,<br \/>\no los famosos plagios de Fray Luis.<\/p>\n<p class=\"MsoNormal\" style=\"padding-left: 30px;\"><em>La condici\u00f3n urbana<\/em>, 1995.<\/p>\n<p><strong>RITUAL SANGRIENTO<\/strong><\/p>\n<p>Dejo el peri\u00f3dico<br \/>\nsobre la barra.<br \/>\nEnciendo<br \/>\nun cigarrillo.<br \/>\nTomo<br \/>\nel primer trago<br \/>\nde caf\u00e9.<br \/>\nUna calada,<br \/>\ny despu\u00e9s<br \/>\notra m\u00e1s fuerte.<br \/>\nYa est\u00e1.<br \/>\nYa estoy en marcha<br \/>\n\u2014me digo\u2014,<br \/>\nya puedo<br \/>\nhacerle frente<br \/>\na esta locura.<br \/>\nAhora,<br \/>\na ver si hay suerte<br \/>\ny algo me llega<br \/>\nal coraz\u00f3n.<\/p>\n<p style=\"padding-left: 30px;\"><em>Serie B<\/em>, 1998.<\/p>\n<p class=\"MsoNormal\"><strong>PO\u00c9TICA<\/strong><\/p>\n<p class=\"MsoNormal\">Poner una palabra<br \/>\ndetr\u00e1s de otra<br \/>\nhasta llegar a la \u00faltima.<br \/>\nY cerrar con un<br \/>\npunto. Y que dentro<br \/>\nest\u00e9 yo, o alguno<br \/>\nde vosotros,<br \/>\no alguna. Haciendo<br \/>\ncualquier cosa<br \/>\ninteresante.<\/p>\n<p class=\"MsoNormal\" style=\"padding-left: 30px;\"><em>Serie B<\/em>, 1998.<\/p>\n<p class=\"MsoNormal\"><strong>POETA<\/strong><\/p>\n<p class=\"MsoNormal\">\u00abMira,<br \/>\n\u00e9se de ah\u00ed,<br \/>\nes poeta\u00bb,<br \/>\ndice.<br \/>\n<span style=\"padding-left: 50px;\">Y la amiga<\/span><br \/>\nmueve ligeramente<br \/>\nla cabeza,<br \/>\ny te mira un instante<br \/>\n(como miraba en el museo<br \/>\naquellas cosas viejas),<br \/>\ny luego remueve un poco<br \/>\nsu caf\u00e9,<br \/>\ny le contesta<br \/>\nque a ella B\u00e9cquer<br \/>\nle parec\u00eda guay.<\/p>\n<p class=\"MsoNormal\" style=\"padding-left: 30px;\"><em>Serie B<\/em>, 1998.<\/p>\n<p class=\"MsoNormal\"><strong>LA FOTO DE RAYMOND CHANDLER<\/strong><\/p>\n<p class=\"MsoNormal\">Levanto la vista y lo veo sobre la balda,<br \/>\ncon su pipa y su sonrisa de borracho.<br \/>\nPara m\u00ed que se acaba de meter un <em>lingotazo<\/em><br \/>\nentre pecho y espalda<br \/>\ny que le est\u00e1 subiendo ahora mismo.<br \/>\nEn sus ojos ese brillo acerado<br \/>\ndel que sabe que est\u00e1s pas\u00e1ndolas putas<br \/>\nporque tambi\u00e9n se ha visto ah\u00ed.<br \/>\nEs decir, aqu\u00ed, frente<br \/>\na este maldito folio en blanco<br \/>\nal que no s\u00e9 muy bien qu\u00e9 contar.<br \/>\nLas ideas son veneno, dijiste,<br \/>\ncuanto m\u00e1s razonas, menos creas.<br \/>\nCu\u00e1nta verdad, amigo Chandler, cu\u00e1nta verdad.<br \/>\nA veces lo mejor es soltar lastre,<br \/>\ndejar toda tu impotencia en el papel.<br \/>\n\u00bfQue te pone verde alg\u00fan cr\u00edtico?<br \/>\nEl tiempo le pondr\u00e1 amarillo a \u00e9l.<\/p>\n<p class=\"MsoNormal\" style=\"padding-left: 30px;\"><em>Ola de fr\u00edo<\/em>, 2007.<\/p>\n<p><strong>COMO EN LA VIDA<\/strong><\/p>\n<p>Todo puede suceder<br \/>\nen un poema:<\/p>\n<p>lo cotidiano, s\u00ed,<br \/>\npero tambi\u00e9n lo deslumbrante,<br \/>\ne incluso<br \/>\nambas cosas<br \/>\na la vez<\/p>\n<p>\u2014como en este, ahora<br \/>\nque empiezas a desnudarte\u2026<\/p>\n<p style=\"padding-left: 30px;\"><em>Otra ciudad, otra vida<\/em>, 2011.<\/p>\n<p><strong>EL ARTE Y YO<\/strong><\/p>\n<p>Mis malas relaciones<br \/>\ncon el arte<br \/>\nvienen de lejos,<br \/>\nse remontan<br \/>\na aquella primera vez<br \/>\nque escrib\u00ed algo parecido a una poes\u00eda<br \/>\n(as\u00ed lo llam\u00f3 mi madre).<br \/>\nLo recuerdo, era como un insecto<br \/>\nclavado en el papel<br \/>\npero todav\u00eda vivo,<br \/>\nluchando por sobrevivir.<br \/>\nNada para recrear la vista.<br \/>\nAlgo solo para sentir.<\/p>\n<p style=\"padding-left: 40px;\"><em>Haciendo planes<\/em>, 2016.<\/p>\n<p><strong>A JORNADA COMPLETA<\/strong><\/p>\n<p>La poes\u00eda llama y t\u00fa le abres<br \/>\ny desde el primer momento<br \/>\nte pones a su servicio a jornada completa.<\/p>\n<p>Tiene algo de tirana<br \/>\ny de ama de llaves estricta.<\/p>\n<p>Algo tambi\u00e9n de amante en celo.<\/p>\n<p>No acepta que nada ni nadie<br \/>\nse interponga entre vosotros,<br \/>\nsi lo permites se va.<\/p>\n<p>Cuando vuelva ser\u00e1 otra,<br \/>\ny hasta es posible que te guste m\u00e1s.<\/p>\n<p>Pero puede no volver.<\/p>\n<p style=\"padding-left: 40px;\"><em>El escenario<\/em>, 2021.<\/p>\n","protected":false},"excerpt":{"rendered":"<p>La poes\u00eda de Karmelo C. Iribarren (San Sebasti\u00e1n, 1959), realista y coloquial, trata sobre las escenas de la vida cotidiana, sobre las preocupaciones de un sujeto po\u00e9tico ante el sexo y el amor, la edad, la aceptaci\u00f3n de un mundo y una sociedad mal hechos. LA FUNCI\u00d3N DE LA POES\u00cdA La funci\u00f3n de la poes\u00eda&#8230; <\/p>\n<div class=\"read-more navbutton\"><a href=\"https:\/\/poeticas.es\/?p=668\">Leer m\u00e1s<i class=\"fa fa-angle-double-right\"><\/i><\/a><\/div>\n","protected":false},"author":1,"featured_media":0,"comment_status":"closed","ping_status":"closed","sticky":false,"template":"","format":"standard","meta":{"_exactmetrics_skip_tracking":false,"_exactmetrics_sitenote_active":false,"_exactmetrics_sitenote_note":"","_exactmetrics_sitenote_category":0,"footnotes":""},"categories":[1,13],"tags":[116,15,36],"class_list":["post-668","post","type-post","status-publish","format-standard","hentry","category-uncategorized","category-contemporaneos","tag-realismo-sucio","tag-xx","tag-xxi"],"_links":{"self":[{"href":"https:\/\/poeticas.es\/index.php?rest_route=\/wp\/v2\/posts\/668","targetHints":{"allow":["GET"]}}],"collection":[{"href":"https:\/\/poeticas.es\/index.php?rest_route=\/wp\/v2\/posts"}],"about":[{"href":"https:\/\/poeticas.es\/index.php?rest_route=\/wp\/v2\/types\/post"}],"author":[{"embeddable":true,"href":"https:\/\/poeticas.es\/index.php?rest_route=\/wp\/v2\/users\/1"}],"replies":[{"embeddable":true,"href":"https:\/\/poeticas.es\/index.php?rest_route=%2Fwp%2Fv2%2Fcomments&post=668"}],"version-history":[{"count":12,"href":"https:\/\/poeticas.es\/index.php?rest_route=\/wp\/v2\/posts\/668\/revisions"}],"predecessor-version":[{"id":6115,"href":"https:\/\/poeticas.es\/index.php?rest_route=\/wp\/v2\/posts\/668\/revisions\/6115"}],"wp:attachment":[{"href":"https:\/\/poeticas.es\/index.php?rest_route=%2Fwp%2Fv2%2Fmedia&parent=668"}],"wp:term":[{"taxonomy":"category","embeddable":true,"href":"https:\/\/poeticas.es\/index.php?rest_route=%2Fwp%2Fv2%2Fcategories&post=668"},{"taxonomy":"post_tag","embeddable":true,"href":"https:\/\/poeticas.es\/index.php?rest_route=%2Fwp%2Fv2%2Ftags&post=668"}],"curies":[{"name":"wp","href":"https:\/\/api.w.org\/{rel}","templated":true}]}}