{"id":700,"date":"2009-02-08T16:12:29","date_gmt":"2009-02-08T16:12:29","guid":{"rendered":"http:\/\/poeticas.es\/?p=700"},"modified":"2017-09-06T15:46:18","modified_gmt":"2017-09-06T13:46:18","slug":"manuel-altolaguirre","status":"publish","type":"post","link":"https:\/\/poeticas.es\/?p=700","title":{"rendered":"Manuel Altolaguirre"},"content":{"rendered":"<p><img loading=\"lazy\" decoding=\"async\" class=\"alignnone size-full wp-image-1428\" title=\"Ceres, de \u00d3scar Dom\u00ednguez\" src=\"https:\/\/poeticas.es\/wp-content\/uploads\/2009\/02\/manuelaltolaguirre1.jpg\" alt=\"Ceres, de \u00d3scar Dom\u00ednguez\" width=\"400\" height=\"285\" srcset=\"https:\/\/poeticas.es\/wp-content\/uploads\/2009\/02\/manuelaltolaguirre1.jpg 400w, https:\/\/poeticas.es\/wp-content\/uploads\/2009\/02\/manuelaltolaguirre1-300x213.jpg 300w\" sizes=\"auto, (max-width: 400px) 100vw, 400px\" \/><\/p>\n<p class=\"MsoNormal\" style=\"text-align: justify;\">\n<p class=\"MsoNormal\" style=\"text-align: justify;\"><em>Para Manuel Altolaguirre (1906-1959), miembro de la generaci\u00f3n del 27 y uno de sus principales promotores a trav\u00e9s de la revista <\/em>Litoral<em>, la poes\u00eda \u201csirve para rescatar el tiempo, para levantar el \u00e1nimo, para tener alma completa, y no fugaces momentos de vida\u201d. En versos claros, di\u00e1fanos, el poeta malague\u00f1o canta el amor, la soledad y la muerte.<\/em><\/p>\n<p class=\"MsoNormal\"><strong>LA POES\u00cdA<\/strong><\/p>\n<p class=\"MsoNormal\">Tan clara que, invisible,<br \/>\nen s\u00ed misma se esconde,<br \/>\ncomo el aire o el agua,<br \/>\ntransparente y oculta;<br \/>\ndesierta no, surcada<br \/>\npor p\u00e1jaros y peces,<br \/>\nherida por los \u00e1rboles.<\/p>\n<p class=\"MsoNormal\" style=\"padding-left: 30px;\">\u00abVida po\u00e9tica, 20\u00bb, <em>Poes\u00eda<\/em>, 1930-1931.<\/p>\n<p><!--more--><\/p>\n<p class=\"MsoNormal\"><strong>LA POES\u00cdA<\/strong><\/p>\n<p class=\"MsoNormal\">No hay ning\u00fan paso,<br \/>\nni atraviesa nadie<br \/>\nlos dinteles de luz y de colores,<br \/>\ncuando la rosa se abre,<br \/>\nporque invisibles son los para\u00edsos<br \/>\ndonde invisibles aves<br \/>\nlos cantos melodiosos del silencio<br \/>\na oscuras dan al aire,<br \/>\nm\u00e1s all\u00e1 de la flor, adonde nunca<br \/>\nalma vestida puede presentarse,<br \/>\ndonde se rinde el cuerpo a la belleza<br \/>\nen un vac\u00edo entra\u00f1able.<\/p>\n<p class=\"MsoNormal\" style=\"padding-left: 30px;\">\u00abLuz y amor, 3\u00bb, <em>La lenta libertad<\/em>, 1936.<\/p>\n<p class=\"MsoNormal\"><strong>SECRETO<\/strong><\/p>\n<p class=\"MsoNormal\">Recorre el amor mi verso,<br \/>\nbaja y sube por sus hilos;<br \/>\nel coraz\u00f3n que lo impulsa<br \/>\nnunca lo deja tranquilo,<br \/>\nque quiere vivir y late,<br \/>\ncoraz\u00f3n propio, escondido<br \/>\nentre palabras que corren<br \/>\npor venas que son suspiros.<br \/>\nMujer desnuda, el poema<br \/>\nguarda su secreto ritmo.<br \/>\nQuiero matarte, quisiera<br \/>\nque tu amor se hiciese r\u00edo,<br \/>\nque tu voz se desangrara,<br \/>\nque perdiera ese continuo<br \/>\nir y venir por un rostro<br \/>\nde rubores indecisos.<br \/>\nNadie sabe lo que dice<br \/>\nel pensamiento escondido;<br \/>\nquiero que te desemboques,<br \/>\nque seas madre de ti mismo.<\/p>\n<p class=\"MsoNormal\" style=\"padding-left: 30px;\"><em>Las islas invitadas<\/em>, 1936.<\/p>\n<p class=\"MsoNormal\"><strong>MI VOZ PRIMERA<\/strong><\/p>\n<h6 class=\"peque\" style=\"padding-left: 120px;\"><em>A Pablo Neruda<\/em><\/h6>\n<p class=\"MsoNormal\">Entre alaridos se sostiene<br \/>\nsu d\u00e9bil rama,<br \/>\nentre escombros de guerra,<br \/>\nviva en mi coraz\u00f3n endurecido,<br \/>\ncomo una flor sencilla<br \/>\nentre las piedras del pasado,<br \/>\nest\u00e1 mi voz primera,<br \/>\nla inocente palabra de mis versos,<br \/>\nesperando que se retiren los fantasmas,<br \/>\nse ordenen los quebrados edificios,<br \/>\nse cierren las trincheras.<\/p>\n<p class=\"MsoNormal\">Hoy la flor del almendro<br \/>\nconoce las abejas de la muerte,<br \/>\nel insecto que anida en los fusiles,<br \/>\ny el agua del remanso, que se daba<br \/>\na la caricia de alg\u00fan pie desnudo,<br \/>\nsufre durante todo el largo d\u00eda<br \/>\nun desfile de botas militares.<\/p>\n<p class=\"MsoNormal\">No buscan los tesoros de las minas<br \/>\nlos insistentes golpes de los picos,<br \/>\nni los profundos cr\u00e1teres, abiertos<br \/>\npor los disparos de la artiller\u00eda,<br \/>\nson para repoblar de selva el monte.<\/p>\n<p class=\"MsoNormal\">Es la guerra, mi voz acostumbrada<br \/>\na cantar el amor y el pensamiento,<br \/>\nllora esta vez el odio y la locura.<br \/>\nFuera de s\u00ed mi voz llora el ardiente<br \/>\ndelirio de un incendio apasionado,<br \/>\nllora su rojo fuego vengativo.<\/p>\n<p class=\"MsoNormal\" style=\"padding-left: 30px;\">1937. <em>Nube temporal<\/em>, 1939.<\/p>\n<p class=\"MsoNormal\"><strong>ESCRIBIR ES NACER<\/strong><\/p>\n<p class=\"MsoNormal\">Hijo de la oraci\u00f3n,<br \/>\ncada ma\u00f1ana<br \/>\ndejo el seno del c\u00e1ntico,<br \/>\nme desnudo del himno que se eleva<br \/>\na la gloria de Dios<br \/>\ny desde el polvo<br \/>\nme atrevo a murmurar<br \/>\ntristes palabras.<\/p>\n<p class=\"MsoNormal\">Escribir es nacer,<br \/>\ndejar la cristalina<br \/>\nmorada de inocencia<br \/>\ndonde ya no estoy.<br \/>\nMi verso tiene formas maternales,<br \/>\nes nube sobre el mar<br \/>\ny una gota de lluvia,<br \/>\nes ni\u00f1o que en la arena se entretiene<br \/>\ncon las espumas y las caracolas.<\/p>\n<p class=\"MsoNormal\">Mi padre est\u00e1 en los cielos<br \/>\ny yo me siento alegre,<br \/>\nnacido de su Verbo,<br \/>\nde donde salgo cada d\u00eda.<\/p>\n<p class=\"MsoNormal\" style=\"padding-left: 30px;\"><em>Poemas en Am\u00e9rica<\/em>, 1955.<\/p>\n<p class=\"MsoList\"><strong>POES\u00cdA<\/strong><\/p>\n<h6 class=\"peque\" style=\"padding-left: 150px;\"><em>a H. K.<\/em><\/h6>\n<p class=\"MsoList\">\u00a1Oh la voz de cristal, serena amiga,<br \/>\nque de tus rojos labios se dilata!<br \/>\n\u00a1Qui\u00e9n pudiera sobre ese fresco r\u00edo,<br \/>\nque a mis o\u00eddos dulcemente llega,<br \/>\nnavegar! y \u00a1qui\u00e9n pudiera, amor,<br \/>\ncerca de su corriente rumorosa<br \/>\nreposar a tu lado, siempre juntos!<br \/>\n\u00a1No ser yo el mar! \u00a1No quiero serlo!<br \/>\n\u00a1Que en m\u00ed no muera nunca tu palabra<br \/>\nentre tantas palabras por m\u00ed o\u00eddas!<br \/>\n\u00a1Que ese r\u00edo lento sea interminable,<br \/>\nque yo lo vea pasar, que pueda verme<br \/>\nen su espejo fugaz, porque haya sido<br \/>\nmi persona motivo de tu canto!<\/p>\n<p class=\"MsoList\" style=\"padding-left: 30px;\">1928. <em>Otros poemas<\/em>, 1927-1959.<\/p>\n","protected":false},"excerpt":{"rendered":"<p>Para Manuel Altolaguirre (1906-1959), miembro de la generaci\u00f3n del 27 y uno de sus principales promotores a trav\u00e9s de la revista Litoral, la poes\u00eda \u201csirve para rescatar el tiempo, para levantar el \u00e1nimo, para tener alma completa, y no fugaces momentos de vida\u201d. En versos claros, di\u00e1fanos, el poeta malague\u00f1o canta el amor, la soledad&#8230; <\/p>\n<div class=\"read-more navbutton\"><a href=\"https:\/\/poeticas.es\/?p=700\">Leer m\u00e1s<i class=\"fa fa-angle-double-right\"><\/i><\/a><\/div>\n","protected":false},"author":1,"featured_media":0,"comment_status":"closed","ping_status":"closed","sticky":false,"template":"","format":"standard","meta":{"_exactmetrics_skip_tracking":false,"_exactmetrics_sitenote_active":false,"_exactmetrics_sitenote_note":"","_exactmetrics_sitenote_category":0,"footnotes":""},"categories":[1,49],"tags":[55,15],"class_list":["post-700","post","type-post","status-publish","format-standard","hentry","category-uncategorized","category-edad-de-plata","tag-generacion-del-27","tag-xx"],"_links":{"self":[{"href":"https:\/\/poeticas.es\/index.php?rest_route=\/wp\/v2\/posts\/700","targetHints":{"allow":["GET"]}}],"collection":[{"href":"https:\/\/poeticas.es\/index.php?rest_route=\/wp\/v2\/posts"}],"about":[{"href":"https:\/\/poeticas.es\/index.php?rest_route=\/wp\/v2\/types\/post"}],"author":[{"embeddable":true,"href":"https:\/\/poeticas.es\/index.php?rest_route=\/wp\/v2\/users\/1"}],"replies":[{"embeddable":true,"href":"https:\/\/poeticas.es\/index.php?rest_route=%2Fwp%2Fv2%2Fcomments&post=700"}],"version-history":[{"count":4,"href":"https:\/\/poeticas.es\/index.php?rest_route=\/wp\/v2\/posts\/700\/revisions"}],"predecessor-version":[{"id":5265,"href":"https:\/\/poeticas.es\/index.php?rest_route=\/wp\/v2\/posts\/700\/revisions\/5265"}],"wp:attachment":[{"href":"https:\/\/poeticas.es\/index.php?rest_route=%2Fwp%2Fv2%2Fmedia&parent=700"}],"wp:term":[{"taxonomy":"category","embeddable":true,"href":"https:\/\/poeticas.es\/index.php?rest_route=%2Fwp%2Fv2%2Fcategories&post=700"},{"taxonomy":"post_tag","embeddable":true,"href":"https:\/\/poeticas.es\/index.php?rest_route=%2Fwp%2Fv2%2Ftags&post=700"}],"curies":[{"name":"wp","href":"https:\/\/api.w.org\/{rel}","templated":true}]}}