{"id":741,"date":"2009-02-08T17:58:22","date_gmt":"2009-02-08T17:58:22","guid":{"rendered":"http:\/\/poeticas.es\/?p=741"},"modified":"2017-09-06T15:46:18","modified_gmt":"2017-09-06T13:46:18","slug":"juan-calzadilla","status":"publish","type":"post","link":"https:\/\/poeticas.es\/?p=741","title":{"rendered":"Juan Calzadilla"},"content":{"rendered":"<p style=\"text-align: justify;\"><img loading=\"lazy\" decoding=\"async\" class=\"alignnone size-full wp-image-705\" title=\"Sin t\u00edtulo, de Juan Calzadilla\" src=\"https:\/\/poeticas.es\/wp-content\/uploads\/2009\/02\/juancalzadilla.jpg\" alt=\"Sin t\u00edtulo, de Juan Calzadilla\" width=\"300\" height=\"356\" srcset=\"https:\/\/poeticas.es\/wp-content\/uploads\/2009\/02\/juancalzadilla.jpg 300w, https:\/\/poeticas.es\/wp-content\/uploads\/2009\/02\/juancalzadilla-252x300.jpg 252w\" sizes=\"auto, (max-width: 300px) 100vw, 300px\" \/><\/p>\n<p style=\"text-align: justify;\"><em>Juan Calzadilla (1931) es uno de los poetas m\u00e1s destacados de la generaci\u00f3n venezolana del 60. Su poes\u00eda se caracteriza por una constante actitud reflexiva volcada sobre su propio yo, su estar en el mundo, su identidad humana y expresiva.<\/em><\/p>\n<p><strong>DE LA POES\u00cdA<\/strong><\/p>\n<p>Mi tarea no prueba la necesidad de ella. Pues consiste<br \/>\nprecisamente en no tener tarea alguna. Como poeta<br \/>\nme veo obligado a inventarla a diario a fin de<br \/>\ncomprobar su inexistencia.<\/p>\n<p class=\"MsoList\" style=\"padding-left: 30px;\"><em>T\u00e1cticas de vig\u00eda<\/em>, 1982.<\/p>\n<p><!--more--><strong>DE LO PO\u00c9TICO<\/strong><\/p>\n<p>Cierto ordenamiento bajo control<br \/>\n<span style=\"padding-left: 10px;\">permite aferrar todos los hilos<\/span><br \/>\n<span style=\"padding-left: 23px;\">que, asidos por la mano,<\/span><br \/>\n<span style=\"padding-left: 36px;\">dirigen el juego en<\/span><br \/>\n<span style=\"padding-left: 46px;\">que me pierdo<\/span><\/p>\n<p class=\"MsoList\" style=\"padding-left: 30px;\"><em>T\u00e1cticas de vig\u00eda<\/em>, 1982.<\/p>\n<p><strong>TODO POETA ACT\u00daA CONVENCIDO DE QUE MORIR\u00c1\u2026<\/strong><\/p>\n<p>Todo poeta act\u00faa convencido de que morir\u00e1<br \/>\nprimero que su obra.<br \/>\nPor eso se esmera tanto en maquillarla.<br \/>\nLa trata como si ya vislumbrara en ella<br \/>\na su propio cad\u00e1ver, intacto y puro.<\/p>\n<p class=\"MsoList\" style=\"padding-left: 30px;\"><em>Diarios. Aproximaciones a un decir siempre aplazado<\/em>, 1990.<\/p>\n<p><strong>EST\u00c9TICA DE BOLSILLO<\/strong><\/p>\n<p>Si todo est\u00e1 permitido, nada es imprevisible.<br \/>\nPor tanto, no hay secreto, no hay misterio,<br \/>\nNo hay enigma, no hay originalidad.<br \/>\nApenas un cat\u00e1logo a la mano.<\/p>\n<p class=\"MsoList\" style=\"padding-left: 30px;\"><em>Aforemas<\/em>, 2004.<\/p>\n","protected":false},"excerpt":{"rendered":"<p>Juan Calzadilla (1931) es uno de los poetas m\u00e1s destacados de la generaci\u00f3n venezolana del 60. Su poes\u00eda se caracteriza por una constante actitud reflexiva volcada sobre su propio yo, su estar en el mundo, su identidad humana y expresiva. DE LA POES\u00cdA Mi tarea no prueba la necesidad de ella. Pues consiste precisamente en&#8230; <\/p>\n<div class=\"read-more navbutton\"><a href=\"https:\/\/poeticas.es\/?p=741\">Leer m\u00e1s<i class=\"fa fa-angle-double-right\"><\/i><\/a><\/div>\n","protected":false},"author":1,"featured_media":0,"comment_status":"closed","ping_status":"closed","sticky":false,"template":"","format":"standard","meta":{"_exactmetrics_skip_tracking":false,"_exactmetrics_sitenote_active":false,"_exactmetrics_sitenote_note":"","_exactmetrics_sitenote_category":0,"footnotes":""},"categories":[1,53],"tags":[15],"class_list":["post-741","post","type-post","status-publish","format-standard","hentry","category-uncategorized","category-literatura-venezolana","tag-xx"],"_links":{"self":[{"href":"https:\/\/poeticas.es\/index.php?rest_route=\/wp\/v2\/posts\/741","targetHints":{"allow":["GET"]}}],"collection":[{"href":"https:\/\/poeticas.es\/index.php?rest_route=\/wp\/v2\/posts"}],"about":[{"href":"https:\/\/poeticas.es\/index.php?rest_route=\/wp\/v2\/types\/post"}],"author":[{"embeddable":true,"href":"https:\/\/poeticas.es\/index.php?rest_route=\/wp\/v2\/users\/1"}],"replies":[{"embeddable":true,"href":"https:\/\/poeticas.es\/index.php?rest_route=%2Fwp%2Fv2%2Fcomments&post=741"}],"version-history":[{"count":5,"href":"https:\/\/poeticas.es\/index.php?rest_route=\/wp\/v2\/posts\/741\/revisions"}],"predecessor-version":[{"id":5259,"href":"https:\/\/poeticas.es\/index.php?rest_route=\/wp\/v2\/posts\/741\/revisions\/5259"}],"wp:attachment":[{"href":"https:\/\/poeticas.es\/index.php?rest_route=%2Fwp%2Fv2%2Fmedia&parent=741"}],"wp:term":[{"taxonomy":"category","embeddable":true,"href":"https:\/\/poeticas.es\/index.php?rest_route=%2Fwp%2Fv2%2Fcategories&post=741"},{"taxonomy":"post_tag","embeddable":true,"href":"https:\/\/poeticas.es\/index.php?rest_route=%2Fwp%2Fv2%2Ftags&post=741"}],"curies":[{"name":"wp","href":"https:\/\/api.w.org\/{rel}","templated":true}]}}