{"id":748,"date":"2009-02-08T22:39:27","date_gmt":"2009-02-08T22:39:27","guid":{"rendered":"http:\/\/poeticas.es\/?p=748"},"modified":"2020-05-15T15:36:03","modified_gmt":"2020-05-15T13:36:03","slug":"juan-melendez-valdes","status":"publish","type":"post","link":"https:\/\/poeticas.es\/?p=748","title":{"rendered":"Juan Mel\u00e9ndez Vald\u00e9s"},"content":{"rendered":"<p><img loading=\"lazy\" decoding=\"async\" class=\"alignnone size-full wp-image-1400\" title=\"La maja desnuda, de Francisco de Goya\" src=\"https:\/\/poeticas.es\/wp-content\/uploads\/2009\/02\/juanmelendez.jpg\" alt=\"La maja desnuda, de Francisco de Goya\" width=\"512\" height=\"255\" srcset=\"https:\/\/poeticas.es\/wp-content\/uploads\/2009\/02\/juanmelendez.jpg 640w, https:\/\/poeticas.es\/wp-content\/uploads\/2009\/02\/juanmelendez-300x149.jpg 300w\" sizes=\"auto, (max-width: 512px) 100vw, 512px\" \/><\/p>\n<p style=\"text-align: justify;\"><em><span lang=\"IT\"><a title=\"Biblioteca de autor en BVMC\" href=\"http:\/\/www.cervantesvirtual.com\/bib_autor\/Melendez\/index.shtml\">Juan Mel\u00e9ndez Vald\u00e9s<\/a> (Badajoz, 1754 &#8211; Montpellier, 1817) es la personalidad po\u00e9tica m\u00e1s relevante del XVIII espa\u00f1ol. <\/span>En su trayectoria podemos apreciar el gusto rococ\u00f3, la poes\u00eda neocl\u00e1sica y la veta prerrom\u00e1ntica.<\/em><\/p>\n<p class=\"MsoNormal\"><strong>A MIS LECTORES<\/strong><\/p>\n<p class=\"MsoNormal\">No con mi blanda lira<br \/>\nser\u00e1n en ayes tristes<br \/>\nlloradas las fortunas<br \/>\nde reyes infelices,<\/p>\n<p class=\"MsoNormal\">ni el grito del soldado<br \/>\nferoz en crudas lides,<br \/>\no el trueno con que arroja<br \/>\nla bala el bronce horrible.<\/p>\n<p class=\"MsoNormal\">Yo tiemblo y me estremezco,<br \/>\nque el numen no permite<br \/>\nal labio temeroso<br \/>\ncanciones tan sublimes.<\/p>\n<p class=\"MsoNormal\">Muchacho soy y quiero<br \/>\ndecir m\u00e1s apacibles<br \/>\nquerellas y gozarme<br \/>\ncon danzas y convites.<\/p>\n<p class=\"MsoNormal\">En ellos coronado<br \/>\nde rosas y alel\u00edes,<br \/>\nentre risas y versos<br \/>\nmenudeo los brindis.<\/p>\n<p class=\"MsoNormal\">En coros las muchachas<br \/>\nse juntan por o\u00edrme,<br \/>\ny al punto mis cantares<br \/>\ncon nuevo ardor repiten.<\/p>\n<p class=\"MsoNormal\">Pues Baco y el de Venus<br \/>\nme dieron que felice<br \/>\ncelebre en dulces himnos<br \/>\nsus glorias y festines.<\/p>\n<p style=\"padding-left: 40px;\"><em>Poes\u00edas<\/em>, 1785.<\/p>\n<p><strong>LA VISI\u00d3N DE AMOR<\/strong><\/p>\n<p>Por un florido prado<br \/>\niba yo en compa\u00f1\u00eda<br \/>\nde la zagala m\u00eda,<br \/>\ncontento y descuidado.<br \/>\nEl alma, suelta de pasiones graves,<br \/>\ncon mi dulce rabel seguir curaba<br \/>\nya el trino de las aves,<br \/>\nya el <em>be<\/em> que a mis corderas escuchaba;<br \/>\ny as\u00ed me deleitaba,<br \/>\nporque a un tierno muchacho le divierte<br \/>\ncualquier belleza que en natura advierte.<\/p>\n<p>Vi que hacia m\u00ed ven\u00eda<br \/>\nuna doncella hermosa,<br \/>\ncual purpurante rosa,<br \/>\nque nunca visto hab\u00eda.<br \/>\n\u00abLa Musa\u00bb, dijo, \u00absoy de los amores.<br \/>\nNo, zagalejo simple, te receles<br \/>\ncuando ves en suav\u00edsimos ardores<br \/>\nlos hombres y aves, brutos y vergeles.<br \/>\nNo cantes, no, cual sueles,<br \/>\nesa rusticidad de la natura,<br \/>\nque bien mayor mi numen te asegura.<\/p>\n<p>Canta de tu zagala<br \/>\nla esplendente belleza,<br \/>\nsu noble gentileza,<br \/>\nsu enhiesto cuello y gala;<br \/>\nc\u00e1ntate de sus ojos hechizado;<br \/>\ny ciego en sus dulc\u00edsimos ardores,<br \/>\nhaz que suene su nombre celebrado<br \/>\npor tu verso entre todos los pastores.<br \/>\nCoronado de flores,<br \/>\n<em>sigue, tierno zagal, sigue a Cupido,<\/em><br \/>\n<em>brazo con brazo a tu zagala asido.<\/em><\/p>\n<p>En estos frescos valles<br \/>\nel \u00e1nimo se encanta;<br \/>\ncorra feliz tu planta<br \/>\nsus tortuosas calles,<br \/>\nestancia amena de la Cipria diosa,<br \/>\ngrata mansi\u00f3n de mil dr\u00edadas bellas,<br \/>\ndo a alegre trisca incitan amorosas<br \/>\nen talle airoso c\u00e1ndidas doncellas.<br \/>\nSigue, sigue sus huellas;<br \/>\n<em>sigue, tierno zagal, sigue a Cupido,<\/em><br \/>\n<em>brazo con brazo a tu zagala asido.<\/em><\/p>\n<p>Mira all\u00ed prevenidas<br \/>\nentre parras espesas<br \/>\ncien op\u00edparas mesas,<br \/>\nde cupidos servidas,<br \/>\ndo los que inflama Amor van a sentarse.<br \/>\nAl Teyo mira, que el fest\u00edn honrando,<br \/>\nya empieza con los brindis a turbarse;<br \/>\ny entre lindas rapazas retozando,<br \/>\nte est\u00e1 dulce cantando:<br \/>\n<em>Sigue, tierno zagal, sigue a Cupido,<\/em><br \/>\n<em>brazo con brazo a tu zagala asido.<\/em><\/p>\n<p>Corre, joven dichoso,<br \/>\ndo el anciano te llama,<br \/>\ny con su copa inflama<br \/>\ntu pecho a\u00fan desde\u00f1oso.<br \/>\nVen, entra en los pensiles del Parnaso,<br \/>\ndonde hallar\u00e1s otros muchachos bellos,<br \/>\ncual Tibulo, Villegas, Garcilaso,<br \/>\ny alegre el ni\u00f1o Amor jugando entre ellos.<br \/>\nEa, si quieres vellos,<br \/>\n<em>sigue, tierno zagal, sigue a Cupido,<\/em><br \/>\n<em>brazo con brazo a tu zagala asido.<\/em><\/p>\n<p>Ve cu\u00e1l las palomitas<br \/>\nse arrullan amorosas,<br \/>\no susurrar gozosas<br \/>\npunzantes abejitas,<br \/>\ny all\u00e1, bajo una hiedra enmara\u00f1ada,<br \/>\ngemir dos venturosos amadores,<br \/>\nla sien de mirto y rosa entrelazada,<br \/>\ny a Venus derramar sobre ellos flores.<br \/>\nAqu\u00ed, que es todo ardores,<br \/>\n<em>sigue, tierno zagal, sigue a Cupido,<\/em><br \/>\n<em>brazo con brazo a tu zagala asido\u00bb.<\/em><\/p>\n<p>Dijo Erato amorosa,<br \/>\ny en una vega amena,<br \/>\nde aves parleras llena,<br \/>\ndejonos cari\u00f1osa;<br \/>\ny yo y mi zagaleja nos entramos<br \/>\nen una gruta retirada, umbr\u00eda,<br \/>\ny qui\u00e9n m\u00e1s pudo arder all\u00ed probamos,<br \/>\ny ella mi amor, y el suyo yo venc\u00eda.<br \/>\nDesde tan fausto d\u00eda<br \/>\n<em>sigo, siervo feliz, sigo a Cupido,<\/em><br \/>\n<em>brazo con brazo a mi zagala asido.<\/em><\/p>\n<p style=\"padding-left: 40px;\"><em>Poes\u00edas<\/em>, 1797.<\/p>\n","protected":false},"excerpt":{"rendered":"<p>Juan Mel\u00e9ndez Vald\u00e9s (Badajoz, 1754 &#8211; Montpellier, 1817) es la personalidad po\u00e9tica m\u00e1s relevante del XVIII espa\u00f1ol. En su trayectoria podemos apreciar el gusto rococ\u00f3, la poes\u00eda neocl\u00e1sica y la veta prerrom\u00e1ntica. A MIS LECTORES No con mi blanda lira ser\u00e1n en ayes tristes lloradas las fortunas de reyes infelices, ni el grito del soldado&#8230; <\/p>\n<div class=\"read-more navbutton\"><a href=\"https:\/\/poeticas.es\/?p=748\">Leer m\u00e1s<i class=\"fa fa-angle-double-right\"><\/i><\/a><\/div>\n","protected":false},"author":1,"featured_media":0,"comment_status":"closed","ping_status":"closed","sticky":false,"template":"","format":"standard","meta":{"_exactmetrics_skip_tracking":false,"_exactmetrics_sitenote_active":false,"_exactmetrics_sitenote_note":"","_exactmetrics_sitenote_category":0,"footnotes":""},"categories":[1,21],"tags":[76,23],"class_list":["post-748","post","type-post","status-publish","format-standard","hentry","category-uncategorized","category-ilustracion","tag-rococo","tag-xviii"],"_links":{"self":[{"href":"https:\/\/poeticas.es\/index.php?rest_route=\/wp\/v2\/posts\/748","targetHints":{"allow":["GET"]}}],"collection":[{"href":"https:\/\/poeticas.es\/index.php?rest_route=\/wp\/v2\/posts"}],"about":[{"href":"https:\/\/poeticas.es\/index.php?rest_route=\/wp\/v2\/types\/post"}],"author":[{"embeddable":true,"href":"https:\/\/poeticas.es\/index.php?rest_route=\/wp\/v2\/users\/1"}],"replies":[{"embeddable":true,"href":"https:\/\/poeticas.es\/index.php?rest_route=%2Fwp%2Fv2%2Fcomments&post=748"}],"version-history":[{"count":5,"href":"https:\/\/poeticas.es\/index.php?rest_route=\/wp\/v2\/posts\/748\/revisions"}],"predecessor-version":[{"id":5687,"href":"https:\/\/poeticas.es\/index.php?rest_route=\/wp\/v2\/posts\/748\/revisions\/5687"}],"wp:attachment":[{"href":"https:\/\/poeticas.es\/index.php?rest_route=%2Fwp%2Fv2%2Fmedia&parent=748"}],"wp:term":[{"taxonomy":"category","embeddable":true,"href":"https:\/\/poeticas.es\/index.php?rest_route=%2Fwp%2Fv2%2Fcategories&post=748"},{"taxonomy":"post_tag","embeddable":true,"href":"https:\/\/poeticas.es\/index.php?rest_route=%2Fwp%2Fv2%2Ftags&post=748"}],"curies":[{"name":"wp","href":"https:\/\/api.w.org\/{rel}","templated":true}]}}