{"id":774,"date":"2009-02-10T07:10:30","date_gmt":"2009-02-10T07:10:30","guid":{"rendered":"http:\/\/poeticas.es\/?p=774"},"modified":"2017-09-06T15:46:17","modified_gmt":"2017-09-06T13:46:17","slug":"ramon-maria-del-valle-inclan","status":"publish","type":"post","link":"https:\/\/poeticas.es\/?p=774","title":{"rendered":"Ram\u00f3n Mar\u00eda del Valle-Incl\u00e1n"},"content":{"rendered":"<p class=\"MsoNormal\" style=\"text-align: justify;\"><img loading=\"lazy\" decoding=\"async\" class=\"alignnone size-full wp-image-775\" title=\"Bacante, de Joaqu\u00edn Sorolla\" src=\"https:\/\/poeticas.es\/wp-content\/uploads\/2009\/02\/ramonmariadelvalleinclan.jpg\" alt=\"Bacante, de Joaqu\u00edn Sorolla\" width=\"400\" height=\"293\" srcset=\"https:\/\/poeticas.es\/wp-content\/uploads\/2009\/02\/ramonmariadelvalleinclan.jpg 400w, https:\/\/poeticas.es\/wp-content\/uploads\/2009\/02\/ramonmariadelvalleinclan-300x219.jpg 300w\" sizes=\"auto, (max-width: 400px) 100vw, 400px\" \/><\/p>\n<p class=\"MsoNormal\" style=\"text-align: justify;\"><em>El gallego Ram\u00f3n Mar\u00eda del Valle-Incl\u00e1n (1866-1936) muestra en sus versos la influencia de la moda rubendariana, as\u00ed como cierto regusto expresionista.<\/em><\/p>\n<p class=\"MsoNormal\"><strong>ROSA DE MELANCOL\u00cdA<\/strong><\/p>\n<p class=\"MsoNormal\">Era yo otro tiempo un pastor de estrellas,<br \/>\ny la vida, como luminoso canto.<br \/>\nUn s\u00edmbolo eran las cosas m\u00e1s bellas<br \/>\npara m\u00ed: la rosa, la ni\u00f1a, el acanto.<\/p>\n<p class=\"MsoNormal\">Y era la armoniosa voz del mundo,<br \/>\nuna onda azul que rompe en la playa de oro,<br \/>\ncantando el oculto poder de la luna<br \/>\nsobre los destinos del humano coro.<\/p>\n<p class=\"MsoNormal\">Me daba Epicuro sus \u00e1nforas llenas,<br \/>\nun fauno me daba su agreste alegr\u00eda,<br \/>\nun pastor de Arcadia, miel de sus colmenas.<\/p>\n<p class=\"MsoNormal\">Pero hacia el ensue\u00f1o navegando un d\u00eda,<br \/>\nescuch\u00e9 lejano canto de sirenas<br \/>\ny enferm\u00f3 mi alma de Melancol\u00eda.<\/p>\n<p class=\"MsoNormal\" style=\"padding-left: 30px;\"><em>El pasajero<\/em>, 1920.<\/p>\n<p><!--more--><\/p>\n<p class=\"MsoNormal\"><strong>ROSA M\u00c9TRICA<\/strong><\/p>\n<p class=\"MsoNormal\">\u00a1N\u00famero Celeste! \u00a1Geometr\u00eda Dorada!<br \/>\n\u00a1Verso Pitag\u00f3rico! \u00a1Clave de Cristal!<br \/>\n\u00a1Canto de Divina boca en llamarada!<br \/>\n\u00a1Verso del Ardiente Pent\u00e1culo Astral!<\/p>\n<p class=\"MsoNormal\">Las pomas del seno Diana Cineg\u00e9tica<br \/>\ntimbra con tu ardiente alusi\u00f3n carnal,<br \/>\ndivina promesa que enciende la est\u00e9tica<br \/>\ndel fauno, rugiente de furia nupcial.<\/p>\n<p class=\"MsoNormal\">Con feliz congoja, con m\u00edtico insulto<br \/>\npanida, arrebatas mi sangre en tumulto,<br \/>\n\u00e1urea solfa del Dorado Facistol.<\/p>\n<p class=\"MsoNormal\">Rosa Alejandrina, tu sentido oculto<br \/>\npromueve los ritmos heroicos del culto<br \/>\napol\u00edneo. \u00a1Rosa M\u00e9trica del Sol!<\/p>\n<p class=\"MsoNormal\" style=\"padding-left: 30px;\"><em>El pasajero<\/em>, 1920.<\/p>\n","protected":false},"excerpt":{"rendered":"<p>El gallego Ram\u00f3n Mar\u00eda del Valle-Incl\u00e1n (1866-1936) muestra en sus versos la influencia de la moda rubendariana, as\u00ed como cierto regusto expresionista. ROSA DE MELANCOL\u00cdA Era yo otro tiempo un pastor de estrellas, y la vida, como luminoso canto. Un s\u00edmbolo eran las cosas m\u00e1s bellas para m\u00ed: la rosa, la ni\u00f1a, el acanto. Y&#8230; <\/p>\n<div class=\"read-more navbutton\"><a href=\"https:\/\/poeticas.es\/?p=774\">Leer m\u00e1s<i class=\"fa fa-angle-double-right\"><\/i><\/a><\/div>\n","protected":false},"author":1,"featured_media":0,"comment_status":"closed","ping_status":"closed","sticky":false,"template":"","format":"standard","meta":{"_exactmetrics_skip_tracking":false,"_exactmetrics_sitenote_active":false,"_exactmetrics_sitenote_note":"","_exactmetrics_sitenote_category":0,"footnotes":""},"categories":[1,49],"tags":[80,35,15],"class_list":["post-774","post","type-post","status-publish","format-standard","hentry","category-uncategorized","category-edad-de-plata","tag-generacion-del-98","tag-modernismo","tag-xx"],"_links":{"self":[{"href":"https:\/\/poeticas.es\/index.php?rest_route=\/wp\/v2\/posts\/774","targetHints":{"allow":["GET"]}}],"collection":[{"href":"https:\/\/poeticas.es\/index.php?rest_route=\/wp\/v2\/posts"}],"about":[{"href":"https:\/\/poeticas.es\/index.php?rest_route=\/wp\/v2\/types\/post"}],"author":[{"embeddable":true,"href":"https:\/\/poeticas.es\/index.php?rest_route=\/wp\/v2\/users\/1"}],"replies":[{"embeddable":true,"href":"https:\/\/poeticas.es\/index.php?rest_route=%2Fwp%2Fv2%2Fcomments&post=774"}],"version-history":[{"count":4,"href":"https:\/\/poeticas.es\/index.php?rest_route=\/wp\/v2\/posts\/774\/revisions"}],"predecessor-version":[{"id":4195,"href":"https:\/\/poeticas.es\/index.php?rest_route=\/wp\/v2\/posts\/774\/revisions\/4195"}],"wp:attachment":[{"href":"https:\/\/poeticas.es\/index.php?rest_route=%2Fwp%2Fv2%2Fmedia&parent=774"}],"wp:term":[{"taxonomy":"category","embeddable":true,"href":"https:\/\/poeticas.es\/index.php?rest_route=%2Fwp%2Fv2%2Fcategories&post=774"},{"taxonomy":"post_tag","embeddable":true,"href":"https:\/\/poeticas.es\/index.php?rest_route=%2Fwp%2Fv2%2Ftags&post=774"}],"curies":[{"name":"wp","href":"https:\/\/api.w.org\/{rel}","templated":true}]}}