{"id":791,"date":"2009-02-10T07:47:15","date_gmt":"2009-02-10T07:47:15","guid":{"rendered":"http:\/\/poeticas.es\/?p=791"},"modified":"2017-09-06T15:46:17","modified_gmt":"2017-09-06T13:46:17","slug":"juan-de-arguijo","status":"publish","type":"post","link":"https:\/\/poeticas.es\/?p=791","title":{"rendered":"Juan de Arguijo"},"content":{"rendered":"<p class=\"MsoList\" style=\"text-align: justify;\"><img loading=\"lazy\" decoding=\"async\" class=\"alignnone size-full wp-image-792\" title=\"Venus y Adonis, de Jos\u00e9 Ribera\" src=\"https:\/\/poeticas.es\/wp-content\/uploads\/2009\/02\/juandearguijo.jpg\" alt=\"Venus y Adonis, de Jos\u00e9 Ribera\" width=\"400\" height=\"304\" srcset=\"https:\/\/poeticas.es\/wp-content\/uploads\/2009\/02\/juandearguijo.jpg 400w, https:\/\/poeticas.es\/wp-content\/uploads\/2009\/02\/juandearguijo-300x228.jpg 300w\" sizes=\"auto, (max-width: 400px) 100vw, 400px\" \/><\/p>\n<p class=\"MsoList\" style=\"text-align: justify;\"><em>El poeta sevillano Juan de Arguijo (1567-1623) es autor de exquisitos sonetos de tema mitol\u00f3gico y pict\u00f3rico, donde muestra su gran erudici\u00f3n cl\u00e1sica y arqueol\u00f3gica.<\/em><\/p>\n<p class=\"MsoList\"><strong>DE ANFI\u00d3N<\/strong><\/p>\n<p class=\"MsoList\">Si pudo de Anfi\u00f3n el dulce canto<br \/>\njuntar las piedras del tebano muro;<br \/>\nsi con suave lira os\u00f3 seguro<br \/>\nbajar el Tracio al reino del espanto;<\/p>\n<p class=\"MsoList\">si la voz regalada pudo tanto<br \/>\nque abri\u00f3 las puertas de diamante duro,<br \/>\ny un rato suspendi\u00f3 de aquel oscuro<br \/>\nlugar la pena y miserable llanto;<\/p>\n<p class=\"MsoList\">y si del canto la admirable fuerza<br \/>\ndomestica los fieros animales,<br \/>\ny enfrena la corriente de los r\u00edos:<\/p>\n<p class=\"MsoList\">\u00bfqu\u00e9 nuevo mal en mi pesar s\u2019esfuerza,<br \/>\npues con lo que descrecen otros males<br \/>\nse van acrecentando m\u00e1s los m\u00edos?<\/p>\n","protected":false},"excerpt":{"rendered":"<p>El poeta sevillano Juan de Arguijo (1567-1623) es autor de exquisitos sonetos de tema mitol\u00f3gico y pict\u00f3rico, donde muestra su gran erudici\u00f3n cl\u00e1sica y arqueol\u00f3gica. DE ANFI\u00d3N Si pudo de Anfi\u00f3n el dulce canto juntar las piedras del tebano muro; si con suave lira os\u00f3 seguro bajar el Tracio al reino del espanto; si la&#8230; <\/p>\n<div class=\"read-more navbutton\"><a href=\"https:\/\/poeticas.es\/?p=791\">Leer m\u00e1s<i class=\"fa fa-angle-double-right\"><\/i><\/a><\/div>\n","protected":false},"author":1,"featured_media":0,"comment_status":"closed","ping_status":"closed","sticky":false,"template":"","format":"standard","meta":{"_exactmetrics_skip_tracking":false,"_exactmetrics_sitenote_active":false,"_exactmetrics_sitenote_note":"","_exactmetrics_sitenote_category":0,"footnotes":""},"categories":[1,40],"tags":[52,41],"class_list":["post-791","post","type-post","status-publish","format-standard","hentry","category-uncategorized","category-el-barroco","tag-barrocos","tag-xvii"],"_links":{"self":[{"href":"https:\/\/poeticas.es\/index.php?rest_route=\/wp\/v2\/posts\/791","targetHints":{"allow":["GET"]}}],"collection":[{"href":"https:\/\/poeticas.es\/index.php?rest_route=\/wp\/v2\/posts"}],"about":[{"href":"https:\/\/poeticas.es\/index.php?rest_route=\/wp\/v2\/types\/post"}],"author":[{"embeddable":true,"href":"https:\/\/poeticas.es\/index.php?rest_route=\/wp\/v2\/users\/1"}],"replies":[{"embeddable":true,"href":"https:\/\/poeticas.es\/index.php?rest_route=%2Fwp%2Fv2%2Fcomments&post=791"}],"version-history":[{"count":3,"href":"https:\/\/poeticas.es\/index.php?rest_route=\/wp\/v2\/posts\/791\/revisions"}],"predecessor-version":[{"id":794,"href":"https:\/\/poeticas.es\/index.php?rest_route=\/wp\/v2\/posts\/791\/revisions\/794"}],"wp:attachment":[{"href":"https:\/\/poeticas.es\/index.php?rest_route=%2Fwp%2Fv2%2Fmedia&parent=791"}],"wp:term":[{"taxonomy":"category","embeddable":true,"href":"https:\/\/poeticas.es\/index.php?rest_route=%2Fwp%2Fv2%2Fcategories&post=791"},{"taxonomy":"post_tag","embeddable":true,"href":"https:\/\/poeticas.es\/index.php?rest_route=%2Fwp%2Fv2%2Ftags&post=791"}],"curies":[{"name":"wp","href":"https:\/\/api.w.org\/{rel}","templated":true}]}}