{"id":822,"date":"2009-02-12T14:57:09","date_gmt":"2009-02-12T14:57:09","guid":{"rendered":"http:\/\/poeticas.es\/?p=822"},"modified":"2017-09-06T15:46:17","modified_gmt":"2017-09-06T13:46:17","slug":"carlos-bousono","status":"publish","type":"post","link":"https:\/\/poeticas.es\/?p=822","title":{"rendered":"Carlos Bouso\u00f1o"},"content":{"rendered":"<p class=\"MsoList\" style=\"text-align: justify;\"><img loading=\"lazy\" decoding=\"async\" class=\"alignnone size-full wp-image-823\" title=\"Collage n\u00ba 183, de Francisco Farreras\" src=\"https:\/\/poeticas.es\/wp-content\/uploads\/2009\/02\/carlosbousono.jpg\" alt=\"Collage n\u00ba 183, de Francisco Farreras\" width=\"400\" height=\"310\" srcset=\"https:\/\/poeticas.es\/wp-content\/uploads\/2009\/02\/carlosbousono.jpg 400w, https:\/\/poeticas.es\/wp-content\/uploads\/2009\/02\/carlosbousono-300x232.jpg 300w\" sizes=\"auto, (max-width: 400px) 100vw, 400px\" \/><\/p>\n<p class=\"MsoList\" style=\"text-align: justify;\"><em>El asturiano Carlos Bouso\u00f1o (1923-2015) es uno de los m\u00e1s destacados representantes de la <\/em>poes\u00eda desarraigada<em> de la inmediata posguerra. Himno y eleg\u00eda se dan la mano en los versos del \u201cpoeta incr\u00e9dulo m\u00e1s hondamente religioso de nuestro tiempo\u201d, en palabras de Francisco Brines.<\/em><\/p>\n<p class=\"MsoList\"><strong>EL POEMA<\/strong><\/p>\n<p class=\"MsoList\">Todo est\u00e1 all\u00ed, y sigue estando all\u00ed, en las palabras<br \/>\nmisteriosas, que fueron dichas, pronunciadas,<br \/>\nrotas en una voz de hombre. La crispaci\u00f3n del alma,<br \/>\nla grave hora del pesar<br \/>\nm\u00e1s hondo. Mas tambi\u00e9n<br \/>\naquel otro dolor,<br \/>\nm\u00ednimo para todos, pero no para ti,<br \/>\nen la estaci\u00f3n de lluvias, junto al portal oscuro.<br \/>\nO nuestro recordar una canci\u00f3n, a la orilla del bosque en la ladera<br \/>\nsuave, un momento de marzo\u2026<\/p>\n<p class=\"MsoList\">\u2026 Todo est\u00e1 all\u00ed, la sombra, el esplendor<br \/>\ndel sol entre las ramas<br \/>\nbajas de los cerezos,<br \/>\nnuestros pasos que van por el sendero<br \/>\njunto al seto de moras,<br \/>\nde ni\u00f1os,<br \/>\nun poco retrasados. Y la ri\u00f1a al llegar<br \/>\ntras la merienda, cuando no lo esper\u00e1bamos.<\/p>\n<p class=\"MsoList\">\u2026 Todo est\u00e1 all\u00ed, la sombra del casta\u00f1o<br \/>\nen el verano suave del norte, y el calor de las islas,<br \/>\nla tristeza, el ensue\u00f1o, la nostalgia,<br \/>\nla desesperaci\u00f3n despu\u00e9s, cuando todo cedi\u00f3<br \/>\nrendidamente,<br \/>\nel caminar postrero\u2026<\/p>\n<p class=\"MsoList\">\u2026 Todo est\u00e1 all\u00ed, movi\u00e9ndose o inm\u00f3vil,<br \/>\ntal como fue en verdad, entre neblina y leve<br \/>\nsue\u00f1o. Tal como fue, sin conexi\u00f3n, escaso<br \/>\nde realidad confuso<br \/>\ncomo vida de hombre.<br \/>\nY pues fue as\u00ed, es bien que quede as\u00ed,<br \/>\npor siempre,<br \/>\nen las fieles palabras.<\/p>\n<p class=\"MsoList\" style=\"padding-left: 30px;\"><em>Noche del sentido<\/em>, 1957.<\/p>\n<p><!--more--><\/p>\n<p class=\"MsoList\"><strong>ESCRIBIENDO<\/strong><\/p>\n<h6 class=\"MsoList\" style=\"padding-left: 90px;\"><em>A Eulalia Galvarriato<\/em><\/h6>\n<p class=\"MsoList\">La mano en el papel. Intensamente.<br \/>\nY ha empezado a brotar<br \/>\nalgo encendido y dulce,<br \/>\nbien que es profundo el mundo, y nos aguarda,<br \/>\ndensa e impenetrable,<br \/>\naquella oscuridad, en donde, a tientas,<br \/>\n<span style=\"padding-left: 20px;\">muy lentamente y peligrosamente,<\/span><br \/>\ncon escala de soga, ya de romperse a punto,<br \/>\nbajamos, sin quererlo, a la honda mina,<br \/>\nla mina honda del vivir<br \/>\nsin sue\u00f1o: vida, que, en todo instante,<br \/>\nes cual boca de lobo, adem\u00e1n en la sombra&#8230;<\/p>\n<p class=\"MsoList\">Pero ahora es otro el mundo que surge aqu\u00ed<br \/>\n<span style=\"padding-left: 20px;\">de pronto.<\/span><br \/>\nEs otra cosa<br \/>\npues vive de otro modo. Es la coexistencia<br \/>\nvaliente de lo mucho, el conocer lo m\u00faltiple<br \/>\nen un instante s\u00f3lo<br \/>\ndonde es supremo el gozo, la memoria se niega<br \/>\n<span style=\"padding-left: 20px;\">y la imaginaci\u00f3n<\/span><br \/>\nsombr\u00eda es devorada<br \/>\ncomo en hoguera enorme. Y all\u00ed estamos.<br \/>\nDistintos, tan dichosos,<br \/>\navivado el sentido, acorde el sue\u00f1o,<br \/>\nenteramente en ella. Somos, sin duda, otros,<br \/>\ny hay purificaci\u00f3n entre las llamas<br \/>\nde la sabidur\u00eda<br \/>\ndonde cantamos todos en coro universal, y hacemos<br \/>\n<span style=\"padding-left: 20px;\">nuestro el orbe.<\/span><br \/>\nLa cosa se doblega<br \/>\nal ojo, entre rel\u00e1mpagos,<br \/>\ncomo el noviazgo ardiente,<br \/>\ncual ahora es el mundo.<\/p>\n<p class=\"MsoList\">El ayer ya no importa, y el dolor es feliz,<br \/>\ny todo ya ha pasado. Fue un mal sue\u00f1o.<br \/>\nY una mano materna<br \/>\nenjuga y acaricia nuestro rostro.<br \/>\nDuerme, mi pobre ni\u00f1o. Ve. Descansa.<br \/>\nDuerme.<br \/>\nLa verdad no es aquella. Es esta. Vive.<\/p>\n<p class=\"MsoList\" style=\"padding-left: 30px;\"><em>El ojo de la aguja<\/em>, 1993.<\/p>\n","protected":false},"excerpt":{"rendered":"<p>El asturiano Carlos Bouso\u00f1o (1923-2015) es uno de los m\u00e1s destacados representantes de la poes\u00eda desarraigada de la inmediata posguerra. Himno y eleg\u00eda se dan la mano en los versos del \u201cpoeta incr\u00e9dulo m\u00e1s hondamente religioso de nuestro tiempo\u201d, en palabras de Francisco Brines. EL POEMA Todo est\u00e1 all\u00ed, y sigue estando all\u00ed, en las&#8230; <\/p>\n<div class=\"read-more navbutton\"><a href=\"https:\/\/poeticas.es\/?p=822\">Leer m\u00e1s<i class=\"fa fa-angle-double-right\"><\/i><\/a><\/div>\n","protected":false},"author":1,"featured_media":0,"comment_status":"closed","ping_status":"closed","sticky":false,"template":"","format":"standard","meta":{"_exactmetrics_skip_tracking":false,"_exactmetrics_sitenote_active":false,"_exactmetrics_sitenote_note":"","_exactmetrics_sitenote_category":0,"footnotes":""},"categories":[1,28],"tags":[15],"class_list":["post-822","post","type-post","status-publish","format-standard","hentry","category-uncategorized","category-posguerra","tag-xx"],"_links":{"self":[{"href":"https:\/\/poeticas.es\/index.php?rest_route=\/wp\/v2\/posts\/822","targetHints":{"allow":["GET"]}}],"collection":[{"href":"https:\/\/poeticas.es\/index.php?rest_route=\/wp\/v2\/posts"}],"about":[{"href":"https:\/\/poeticas.es\/index.php?rest_route=\/wp\/v2\/types\/post"}],"author":[{"embeddable":true,"href":"https:\/\/poeticas.es\/index.php?rest_route=\/wp\/v2\/users\/1"}],"replies":[{"embeddable":true,"href":"https:\/\/poeticas.es\/index.php?rest_route=%2Fwp%2Fv2%2Fcomments&post=822"}],"version-history":[{"count":6,"href":"https:\/\/poeticas.es\/index.php?rest_route=\/wp\/v2\/posts\/822\/revisions"}],"predecessor-version":[{"id":4030,"href":"https:\/\/poeticas.es\/index.php?rest_route=\/wp\/v2\/posts\/822\/revisions\/4030"}],"wp:attachment":[{"href":"https:\/\/poeticas.es\/index.php?rest_route=%2Fwp%2Fv2%2Fmedia&parent=822"}],"wp:term":[{"taxonomy":"category","embeddable":true,"href":"https:\/\/poeticas.es\/index.php?rest_route=%2Fwp%2Fv2%2Fcategories&post=822"},{"taxonomy":"post_tag","embeddable":true,"href":"https:\/\/poeticas.es\/index.php?rest_route=%2Fwp%2Fv2%2Ftags&post=822"}],"curies":[{"name":"wp","href":"https:\/\/api.w.org\/{rel}","templated":true}]}}