{"id":896,"date":"2009-02-17T16:23:34","date_gmt":"2009-02-17T16:23:34","guid":{"rendered":"http:\/\/poeticas.es\/?p=896"},"modified":"2017-09-06T15:46:16","modified_gmt":"2017-09-06T13:46:16","slug":"rogelio-buendia","status":"publish","type":"post","link":"https:\/\/poeticas.es\/?p=896","title":{"rendered":"Rogelio Buend\u00eda"},"content":{"rendered":"<p class=\"MsoList\" style=\"text-align: justify;\"><img loading=\"lazy\" decoding=\"async\" class=\"alignnone size-full wp-image-897\" title=\"Palomas, de Jos\u00e9 Caballero\" src=\"https:\/\/poeticas.es\/wp-content\/uploads\/2009\/02\/rogeliobuendia.jpg\" alt=\"Palomas, de Jos\u00e9 Caballero\" width=\"300\" height=\"404\" srcset=\"https:\/\/poeticas.es\/wp-content\/uploads\/2009\/02\/rogeliobuendia.jpg 300w, https:\/\/poeticas.es\/wp-content\/uploads\/2009\/02\/rogeliobuendia-222x300.jpg 222w\" sizes=\"auto, (max-width: 300px) 100vw, 300px\" \/><\/p>\n<p class=\"MsoList\" style=\"text-align: justify;\"><em>La poes\u00eda del onubense Rogelio Buend\u00eda (1891-1969) se inicia en el Modernismo y a continuaci\u00f3n recorre las m\u00e1s variadas tendencias de la poes\u00eda de la generaci\u00f3n del 27: ultra\u00edsmo, neopopularismo, gongorismo y surrealismo.<\/em><\/p>\n<p class=\"MsoList\"><strong>LA POES\u00cdA DE LO DESCONOCIDO<\/strong><\/p>\n<p class=\"MsoNormal\">\u00a1Oh, la dulce delicia de lo inc\u00f3gnito<br \/>\nque se esfuma en las calles y en los campos!<\/p>\n<p class=\"MsoNormal\">\u00a1Oh, el anhelar saber qui\u00e9n es la dama<br \/>\nque cerca de nosotros ha pasado,<br \/>\noliendo a violetas o a cal\u00e9ndulas<br \/>\no al perfume fragante de los nardos!<\/p>\n<p class=\"MsoNormal\">Delicia del an\u00f3nimo inocente<br \/>\nque sin querer firmarse est\u00e1 firmado.<br \/>\nal hablar de unos celos y un amor,<br \/>\npor una temblorosa y blanca mano.<\/p>\n<p class=\"MsoNormal\">Curiosidad ingenua que tenemos<br \/>\npor unos ojos y un perfil rom\u00e1nticos\u2026<\/p>\n<p class=\"MsoNormal\">Pensamiento infantil de nuestra mente<br \/>\nal escuchar de noche ciertos pasos,<br \/>\nque nos hacen rezar estremecidos,<br \/>\ncrey\u00e9ndolos de brujas y de trasgos.<\/p>\n<p class=\"MsoNormal\">M\u00fasica que se queda en la memoria,<br \/>\nsin que sepa qui\u00e9n la habr\u00e1 engendrado\u2026<\/p>\n<p class=\"MsoNormal\">Versos que yerran por nuestro cerebro<br \/>\ny que locos acuden a los labios,<br \/>\nsin que jam\u00e1s se sepa qui\u00e9n los hizo<br \/>\nsonar a r\u00edo y a trascender a prado\u2026<\/p>\n<p class=\"MsoNormal\">Carreta que se oculta en la vereda<br \/>\nde rosas y de lirios del ocaso,<br \/>\nsin dejar m\u00e1s que surcos paralelos<br \/>\nque acabar\u00e1n no se sabe d\u00f3nde y cu\u00e1ndo.<\/p>\n<p class=\"MsoNormal\">\u00a1Poes\u00eda sagrada de lo inc\u00f3gnito,<br \/>\ntienes t\u00fa para m\u00ed todo el encanto<br \/>\nde lo que se ha tenido y que se va,<br \/>\ny de lo que se espera y no ha llegado!<\/p>\n<p class=\"MsoList\" style=\"padding-left: 30px;\">\u00abCancionero de paz\u00bb, en <em>Del bien y del mal<\/em>, 1913.<\/p>\n<p><!--more--><\/p>\n<p class=\"MsoList\"><strong>EL DOLOR DE ESCRIBIR<\/strong><\/p>\n<p class=\"MsoList\">Escribir, porque el alma se concentra<br \/>\ny quiere decir cosas indecibles,<br \/>\npalabra que de rara no se encuentra,<br \/>\ncosas que nos parecen imposibles.<\/p>\n<p class=\"MsoList\">\u00a1Escribir un soneto!\u2026 Y nuestra vida<br \/>\nse resbala en la pluma y se nos vierte<br \/>\npoco a poco la esencia y una herida<br \/>\nen el alma nos hace ver la muerte.<\/p>\n<p class=\"MsoList\">Y nuestra frente piensa y nuestra angustia<br \/>\ncayendo va en los yertos corazones<br \/>\ncon la tristeza de una rosa mustia<\/p>\n<p class=\"MsoList\">que rimara en el viento un ritmo blanco<br \/>\ny que se deshojase en los rincones<br \/>\nde un viejo parque sobre un viejo banco.<\/p>\n<p class=\"MsoList\" style=\"padding-left: 30px;\">\u00abCancionero diab\u00f3lico\u00bb, en <em>Del bien y del mal<\/em>, 1913.<\/p>\n<p class=\"MsoList\"><strong>SIEMPRE T\u00da<\/strong><\/p>\n<h6 class=\"peque\" style=\"padding-left: 120px;\"><em>\u00a1Pero t\u00fa\u2026 eres T\u00fa!<\/em><br \/>\nPaul G\u00e9raldy<\/h6>\n<p class=\"MsoList\">Que los ca\u00f1ones b\u00e1rbaros derrumben<br \/>\nlas ciudades, que el \u00e1guila se quede<br \/>\nbajo el hombre, que todos los misterios<br \/>\nse descorran ante el cerebro humano.<br \/>\nT\u00fa siempre ser\u00e1s t\u00fa; que nadie nunca<br \/>\nte podr\u00e1 destronar.<\/p>\n<p class=\"MsoList\">Los poetas ir\u00e1n en los motores<br \/>\nhumeantes; dir\u00e1n sus cantos l\u00edricos<br \/>\npor las ondas herzianas, y sus versos<br \/>\ntendr\u00e1n polos \u2013\u00e1nados y c\u00e1todos\u2013<br \/>\npero t\u00fa, ser\u00e1s t\u00fa, lo que ninguna<br \/>\nbalanza pesar\u00e1.<\/p>\n<p class=\"MsoList\">Todas las fiebres de venenos, todas<br \/>\nlas fiebres de rencores, las perfidias<br \/>\ndesatar\u00e1n al mundo. Iremos todos<br \/>\na un cataclismo horrible\u2026<br \/>\n<span style=\"padding-left: 180px;\">Pero t\u00fa<\/span><br \/>\nser\u00e1s t\u00fa, siempre t\u00fa, y el polo \u00fanico<br \/>\nde la belleza culminante, siempre<br \/>\nser\u00e1s t\u00fa, siempre T\u00fa.<\/p>\n<p class=\"MsoList\" style=\"margin-left: 0cm; text-indent: 0cm; padding-left: 30px;\"><em>El Liberal<\/em> (Sevilla), 9 de octubre de 1919.<\/p>\n<p class=\"MsoList\" style=\"margin-left: 0cm; text-indent: 0cm;\"><strong>GRITO<\/strong><\/p>\n<p class=\"MsoList\" style=\"margin-left: 0cm; text-indent: 0cm;\">Quiero cantar sin pausa<br \/>\nl\u00edricamente al desgaire,<br \/>\ncomo quiera hacer mi flauta<br \/>\nal entrar y salir del aire.<\/p>\n<p class=\"MsoList\" style=\"margin-left: 0cm; text-indent: 0cm;\">Quiero re\u00edrme sin sordina,<br \/>\nampliamente, al sol del est\u00edo,<br \/>\ncon esta risa divina<br \/>\nde este coraz\u00f3n tan m\u00edo.<\/p>\n<p class=\"MsoList\" style=\"margin-left: 0cm; text-indent: 0cm;\">Quiero ba\u00f1ar el alma en gozo<br \/>\nsalvajemente, y saltar,<br \/>\nhasta tirar la angustia al pozo<br \/>\ny el prejuicio echarlo al mar.<\/p>\n<p class=\"MsoList\" style=\"margin-left: 0cm; text-indent: 0cm;\">Y, entonces, ir por los caminos<br \/>\ncon la alegr\u00eda en la mirada,<br \/>\nla voz llena de blancos trinos<br \/>\ny la sonrisa beatificada,<\/p>\n<p class=\"MsoList\" style=\"margin-left: 0cm; text-indent: 0cm;\">a decir que la vida es esto:<br \/>\ny el resto,<br \/>\nnada.<\/p>\n<p class=\"MsoList\" style=\"margin-left: 0cm; text-indent: 0cm; padding-left: 30px;\"><em>La rueda de color<\/em>, 1923.<\/p>\n<p class=\"MsoList\"><strong>POEMA<\/strong><\/p>\n<p class=\"MsoList\">Pez, pez, te escapas,<br \/>\npez, pez, pez, te huyes,<br \/>\nte huyes de ti mismo<br \/>\ny tu sombra es tu cuerpo.<\/p>\n<p class=\"MsoList\">Pez, pez, te vas,<br \/>\npez, pez, te escondes,<br \/>\n\u00bfd\u00f3nde y en qu\u00e9 sonrisa?<br \/>\n\u00bfen qu\u00e9 rosado aire?<\/p>\n<p class=\"MsoList\">Mi mano te persigue.<br \/>\n\u00bfPez? \u00a1No pez! sonrisa.<br \/>\nPez, pez. No pez. Un verso<br \/>\nque no pudo decirse.<\/p>\n<p class=\"MsoList\" style=\"padding-left: 30px;\"><em>Ventana abierta<\/em>, en <em>Poes\u00eda in\u00e9dita y dispersa<\/em>, 1999.<\/p>\n<p class=\"MsoList\"><strong>LOS VERSOS<\/strong><\/p>\n<p class=\"MsoList\"><span style=\"padding-left: 20px;\">Los versos son los ni\u00f1os<\/span><br \/>\ndel alma que no pueden ser metidos<br \/>\nen c\u00e1rceles ni en tristes calabozos<br \/>\nporque su vida es luz y es armon\u00eda<br \/>\ny juegan, inocentes, en los parques<br \/>\nde todos los alegres d\u00edas de fiesta<br \/>\nque no se llaman lunes ni domingos.<br \/>\n<span style=\"padding-left: 20px;\">Los versos son la gracia de la vida<\/span><br \/>\ny no pueden llevarse a sanatorios<br \/>\nni comprimir en m\u00e1quinas neum\u00e1ticas<br \/>\nni tundir con garrotes ni palabras.<br \/>\n<span style=\"padding-left: 20px;\">Ellos cantan, rebrincan, dan sus gritos,<\/span><br \/>\ninocentes, lum\u00ednicos, radiantes,<br \/>\nen medio de las pistas blancas, como<br \/>\ntitiriteros inconscientes que alzan<br \/>\nsus piernas alambres en sol y azules,<br \/>\natrevidos, sin pizca de malicia,<br \/>\nsin temor al maestro de la escuela<br \/>\nni al guardia de la esquina. Cantarinos<br \/>\ncomo el agua, mis ni\u00f1os, mis colegios,<br \/>\nen plena luz y en plena alegor\u00eda,<br \/>\ncantando siempre, van en una alegre<br \/>\nbandada como p\u00e1jaros del cielo<br \/>\nque se posasen en la blanca nieve<br \/>\ndonde hicieron sus nidos y se fueron<br \/>\na todos los pa\u00edses del ensue\u00f1o.<br \/>\n<span style=\"padding-left: 20px;\">Venid, cogedlos. No los coger\u00e9is,<\/span><br \/>\nporque, \u00bfqui\u00e9n ata un ni\u00f1o a un hombre duro?,<br \/>\ndigo yo a los prosaicos hombres fr\u00edos<br \/>\ny a los que envidian, \u00bfqui\u00e9n en prisi\u00f3n mete<br \/>\na los versos sencillos y fugaces<br \/>\nni los ensartan como a mu\u00f1ecajos<br \/>\ncon el filo cruel de un duro sable?<\/p>\n<p class=\"MsoList\" style=\"padding-left: 30px;\"><em>Ventana abierta<\/em>, en <em>Poes\u00eda in\u00e9dita y dispersa<\/em>, 1999.<\/p>\n<p class=\"MsoList\"><strong>POEMA<\/strong><\/p>\n<p class=\"MsoList\"><span style=\"padding-left: 20px;\">Te tira el dolor de las piernas,<\/span><br \/>\nte hinca lo feo su garra.<br \/>\nYa quieres volar y no puedes,<br \/>\nhay algo que quiere a\u00f1adirte<br \/>\nideas de pan amasado<br \/>\ncon cuajo que emporca la masa.<br \/>\n<span style=\"padding-left: 20px;\">Los bajos y astrosos dolores<\/span><br \/>\nechados a ti te envanecen,<br \/>\ncrey\u00e9ndote f\u00edsico tonto<br \/>\nque al fin triunfar\u00e1 de la muerte.<br \/>\n<span style=\"padding-left: 20px;\">Por fin te has librado de todo:<\/span><br \/>\ndel eco, del mal, de la nada.<br \/>\nY sales, poema, tan limpio<br \/>\ne in\u00fatil, tan puro, que, clara<br \/>\nla luz que te trajo a la vida,<br \/>\nespejo o arroyo,<br \/>\nde ti se engalana.<\/p>\n<p class=\"MsoList\" style=\"padding-left: 30px;\"><em>Halal\u00ed<\/em> (1960), en <em>Poes\u00eda in\u00e9dita y dispersa<\/em>, 1999.<\/p>\n","protected":false},"excerpt":{"rendered":"<p>La poes\u00eda del onubense Rogelio Buend\u00eda (1891-1969) se inicia en el Modernismo y a continuaci\u00f3n recorre las m\u00e1s variadas tendencias de la poes\u00eda de la generaci\u00f3n del 27: ultra\u00edsmo, neopopularismo, gongorismo y surrealismo. LA POES\u00cdA DE LO DESCONOCIDO \u00a1Oh, la dulce delicia de lo inc\u00f3gnito que se esfuma en las calles y en los campos!&#8230; <\/p>\n<div class=\"read-more navbutton\"><a href=\"https:\/\/poeticas.es\/?p=896\">Leer m\u00e1s<i class=\"fa fa-angle-double-right\"><\/i><\/a><\/div>\n","protected":false},"author":1,"featured_media":0,"comment_status":"closed","ping_status":"closed","sticky":false,"template":"","format":"standard","meta":{"_exactmetrics_skip_tracking":false,"_exactmetrics_sitenote_active":false,"_exactmetrics_sitenote_note":"","_exactmetrics_sitenote_category":0,"footnotes":""},"categories":[1,49],"tags":[55,20,15],"class_list":["post-896","post","type-post","status-publish","format-standard","hentry","category-uncategorized","category-edad-de-plata","tag-generacion-del-27","tag-ultraismo","tag-xx"],"_links":{"self":[{"href":"https:\/\/poeticas.es\/index.php?rest_route=\/wp\/v2\/posts\/896","targetHints":{"allow":["GET"]}}],"collection":[{"href":"https:\/\/poeticas.es\/index.php?rest_route=\/wp\/v2\/posts"}],"about":[{"href":"https:\/\/poeticas.es\/index.php?rest_route=\/wp\/v2\/types\/post"}],"author":[{"embeddable":true,"href":"https:\/\/poeticas.es\/index.php?rest_route=\/wp\/v2\/users\/1"}],"replies":[{"embeddable":true,"href":"https:\/\/poeticas.es\/index.php?rest_route=%2Fwp%2Fv2%2Fcomments&post=896"}],"version-history":[{"count":2,"href":"https:\/\/poeticas.es\/index.php?rest_route=\/wp\/v2\/posts\/896\/revisions"}],"predecessor-version":[{"id":5236,"href":"https:\/\/poeticas.es\/index.php?rest_route=\/wp\/v2\/posts\/896\/revisions\/5236"}],"wp:attachment":[{"href":"https:\/\/poeticas.es\/index.php?rest_route=%2Fwp%2Fv2%2Fmedia&parent=896"}],"wp:term":[{"taxonomy":"category","embeddable":true,"href":"https:\/\/poeticas.es\/index.php?rest_route=%2Fwp%2Fv2%2Fcategories&post=896"},{"taxonomy":"post_tag","embeddable":true,"href":"https:\/\/poeticas.es\/index.php?rest_route=%2Fwp%2Fv2%2Ftags&post=896"}],"curies":[{"name":"wp","href":"https:\/\/api.w.org\/{rel}","templated":true}]}}